{"id":99,"date":"2008-01-08T13:03:09","date_gmt":"2008-01-08T11:03:09","guid":{"rendered":"http:\/\/2850591"},"modified":"2008-01-08T13:03:09","modified_gmt":"2008-01-08T11:03:09","slug":"sinkendo-ateremben","status":"publish","type":"post","link":"https:\/\/www.aikibujutsu.hu\/?p=99","title":{"rendered":"Sinkendo aTeremben"},"content":{"rendered":"<p><strong>A SHINKENDO EL\u00c9RHET\u0150 K\u00d6ZELS\u00c9GBEN<br \/>\n<\/strong><br \/>\nAzok a tanul\u00f3k akik eddig is \u00e9rdekl\u0151dtek a shinkendo ir\u00e1nt, de vagy az eddigi edz\u00e9shelyek, vagy id\u0151pontjuk, esetleg mindkett\u0151 miatt nem tudt\u00e1k megismerni,\u00a0kipr\u00f3b\u00e1lni ezt a kiv\u00e1l\u00f3 harcm\u0171v\u00e9szetet, most itt a ragyog\u00f3 lehet\u0151s\u00e9g.<br \/>\nA M\u00e1sodik Shinkendo Budapesti Dojo (L\u00f3nyay utca) febru\u00e1rt\u00f3l \u00faj helyre k\u00f6lt\u00f6zik, eg\u00e9szen k\u00f6zel a T\u00fcz\u00e9r utc\u00e1hoz.<\/p>\n<p>Az \u00faj hely &quot;a Terem&quot; nev\u0171 sportkomplexumban\u00a0lesz <a href=\"http:\/\/www.aterem.hu\" shape=\"rect\" target=\"\"><em><strong>(www.aterem.hu)<\/strong><\/em><\/a>. <\/p>\n<p>A 14-es villamos R\u00f3bert K\u00e1roly krt.-i (Domus, Kika) meg\u00e1ll\u00f3j\u00e1t\u00f3l h\u00e1rom meg\u00e1ll\u00f3nyira kell lesz\u00e1llni a Fiasty\u00fak utc\u00e1n\u00e1l, bes\u00e9t\u00e1lni a Keszken\u0151 utc\u00e1n a J\u00e1sz utc\u00e1ig. Onnan meg m\u00e1r nem lehet elt\u00e9veszteni.<\/p>\n<p>Az edz\u00e9sek ideje: <strong><i>h\u00e9tf\u0151 \u00e9s szerda 18:00-t\u00f3l 20:00-ig<\/i><\/strong><br \/>\nAz edz\u00e9sek helye: 1131 Budapest, Keszken\u0151 u. 18. (J\u00e1sz u. sarok) <\/p>\n<p>A 2008 febru\u00e1r 4-i, h\u00e9tf\u0151i edz\u00e9s m\u00e1r az \u00faj teremben lesz.<\/p>\n<p><a href=\"http:\/\/maps.google.com\/maps\/ms?hl=hu&amp;ie=UTF8&amp;msa=0&amp;ll=47.541846,19.088745&amp;spn=0.009256,0.016458&amp;t=h&amp;z=16&amp;om=0&amp;msid=112031193746369173869.0004453167837cb143842\" shape=\"rect\" target=\"\"><em><strong>GoogleMap<\/strong><\/em><\/a><em><strong><\/strong><\/em> inform\u00e1ci\u00f3. <br \/>\nAz eredeti h\u00edr <a href=\"http:\/\/shinkendo.freeblog.hu\/archives\/2008\/01\/07\/2849457\/\" shape=\"rect\"><em><strong>itt<\/strong><\/em><\/a><em><strong><\/strong><\/em> tal\u00e1lhat\u00f3.<strong><\/p>\n<p><\/strong><\/p>\n","protected":false},"excerpt":{"rendered":"<p>A SHINKENDO EL\u00c9RHET\u0150 K\u00d6ZELS\u00c9GBEN Azok a tanul\u00f3k akik eddig is \u00e9rdekl\u0151dtek a shinkendo ir\u00e1nt, de vagy az eddigi edz\u00e9shelyek, vagy id\u0151pontjuk, esetleg mindkett\u0151 miatt nem tudt\u00e1k megismerni,\u00a0kipr\u00f3b\u00e1lni ezt a kiv\u00e1l\u00f3 [&hellip;]<\/p>\n","protected":false},"author":4,"featured_media":0,"comment_status":"open","ping_status":"open","sticky":false,"template":"","format":"standard","meta":{"_mi_skip_tracking":false},"categories":[5],"tags":[],"_links":{"self":[{"href":"https:\/\/www.aikibujutsu.hu\/index.php?rest_route=\/wp\/v2\/posts\/99"}],"collection":[{"href":"https:\/\/www.aikibujutsu.hu\/index.php?rest_route=\/wp\/v2\/posts"}],"about":[{"href":"https:\/\/www.aikibujutsu.hu\/index.php?rest_route=\/wp\/v2\/types\/post"}],"author":[{"embeddable":true,"href":"https:\/\/www.aikibujutsu.hu\/index.php?rest_route=\/wp\/v2\/users\/4"}],"replies":[{"embeddable":true,"href":"https:\/\/www.aikibujutsu.hu\/index.php?rest_route=%2Fwp%2Fv2%2Fcomments&post=99"}],"version-history":[{"count":0,"href":"https:\/\/www.aikibujutsu.hu\/index.php?rest_route=\/wp\/v2\/posts\/99\/revisions"}],"wp:attachment":[{"href":"https:\/\/www.aikibujutsu.hu\/index.php?rest_route=%2Fwp%2Fv2%2Fmedia&parent=99"}],"wp:term":[{"taxonomy":"category","embeddable":true,"href":"https:\/\/www.aikibujutsu.hu\/index.php?rest_route=%2Fwp%2Fv2%2Fcategories&post=99"},{"taxonomy":"post_tag","embeddable":true,"href":"https:\/\/www.aikibujutsu.hu\/index.php?rest_route=%2Fwp%2Fv2%2Ftags&post=99"}],"curies":[{"name":"wp","href":"https:\/\/api.w.org\/{rel}","templated":true}]}}