{"id":84,"date":"2007-10-31T10:46:56","date_gmt":"2007-10-31T08:46:56","guid":{"rendered":"http:\/\/2702084"},"modified":"2007-10-31T10:46:56","modified_gmt":"2007-10-31T08:46:56","slug":"harcmuveszeti-fesztival-edzes-elmarad","status":"publish","type":"post","link":"https:\/\/www.aikibujutsu.hu\/?p=84","title":{"rendered":"Harcmuveszeti Fesztival, edzes elmarad"},"content":{"rendered":"<p>\n<strong>HOSSZ\u00da H\u00c9TV\u00c9GE \u00c9S HARCM\u0170V\u00c9SZETI FESZTIV\u00c1L<\/strong>\n<\/p>\n<p>\n A Honv\u00e9dban tartand\u00f3\u00a0cs\u00fct\u00f6rt\u00f6ki (nov.1) \u00e9s p\u00e9nteki (nov.2) edz\u00e9sek elmaradnak az \u00fcnnepek miatt. Legk\u00f6zelebbi edz\u00e9s j\u00f6v\u00f6 kedden (nov.6) a szokott id\u0151ben.\n<\/p>\n<p>\n \u00c9vadz\u00e1r\u00f3 Harcm\u0171v\u00e9szeti Fesztiv\u00e1l a Vasas Sportcsarnokban az \u00f6sszefog\u00e1s \u00e9s a b\u00e9k\u00e9s egym\u00e1s mellett \u00e9l\u00e9s jegy\u00e9ben, ahol\u00a0bemutat\u00f3zunk a shinkendosokkal egy\u00fctt. A Magyarorsz\u00e1gi Harci M\u0171v\u00e9szetek \u00d6ssz-Sz\u00f6vets\u00e9ge \u00e9s a Budomagazin.hu internetes port\u00e1l k\u00f6z\u00f6s \u00e9vadz\u00e1r\u00f3 harcm\u0171v\u00e9szeti G\u00e1l\u00e1ja. Az esem\u00e9ny\u00a0november 03-\u00e1n szombaton, a\u00a0Vasas F\u00e1y utcai Sportcsarnok\u00e1ban lesz.\n<\/p>\n<p>\n a program:\n<\/p>\n<p>\n 17.00 -\u00dcnnep\u00e9lyes megnyit\u00f3 \u00fcnneps\u00e9g a csapatok bevonul\u00e1s\u00e1val.<br \/>\n Megnyit\u00f3besz\u00e9dek, \u00e9v\u00e9rt\u00e9kel\u00e9s, jutalmaz\u00e1sok\n<\/p>\n<p>\n 17.20 Bemutat\u00f3k hazai \u00e9s k\u00fclf\u00f6ldi mesterek \u00e9s csapatai \u00e1ltal: jap\u00e1n-lengyel-francia-magyar bemutat\u00f3csoportok az al\u00e1bbi tervezet szerint: Shorin Ryu-Kenshinryu-Shinkendo-Gojuryu-Karate-Kendo-Judo-Shaolin-kungfu-Jujitsu-profi birkoz\u00e1s-zen bu kan kempo, kobudo, stb. k\u00f6zben fullcontact szuperfightok \u00e9s a budomagazin.hu internetes portal sz\u00fclinapi programja.\n<\/p>\n<p>\n A bel\u00e9p\u00e9s ingyenes!\n<\/p>\n<p>\n Szeretettel v\u00e1rj\u00e1k minden Harcm\u0171v\u00e9sz stilussz\u00f6vets\u00e9g vezet\u0151s\u00e9g\u00e9t, \u00e9s tags\u00e1g\u00e1t, minden sz\u00fcl\u0151t, \u00e9rdekl\u0151d\u0151t \u00e9s harcm\u0171v\u00e9szt a g\u00e1l\u00e1n. A G\u00e1l\u00e1r\u00f3l \u00f6sszefoglal\u00f3t sug\u00e1roznak a Sport1 tv csatorn\u00e1n.\n<\/p>\n<p>\n Tov\u00e1bbi r\u00e9szletek <a href=\"http:\/\/budomagazin.hu\/cikk\/budo.php\/2371\" shape=\"rect\">http:\/\/budomagazin.hu\/cikk\/budo.php\/2371<\/a><\/p>\n","protected":false},"excerpt":{"rendered":"<p>HOSSZ\u00da H\u00c9TV\u00c9GE \u00c9S HARCM\u0170V\u00c9SZETI FESZTIV\u00c1L A Honv\u00e9dban tartand\u00f3\u00a0cs\u00fct\u00f6rt\u00f6ki (nov.1) \u00e9s p\u00e9nteki (nov.2) edz\u00e9sek elmaradnak az \u00fcnnepek miatt. Legk\u00f6zelebbi edz\u00e9s j\u00f6v\u00f6 kedden (nov.6) a szokott id\u0151ben. \u00c9vadz\u00e1r\u00f3 Harcm\u0171v\u00e9szeti Fesztiv\u00e1l a Vasas [&hellip;]<\/p>\n","protected":false},"author":4,"featured_media":0,"comment_status":"open","ping_status":"open","sticky":false,"template":"","format":"standard","meta":{"_mi_skip_tracking":false},"categories":[5],"tags":[],"_links":{"self":[{"href":"https:\/\/www.aikibujutsu.hu\/index.php?rest_route=\/wp\/v2\/posts\/84"}],"collection":[{"href":"https:\/\/www.aikibujutsu.hu\/index.php?rest_route=\/wp\/v2\/posts"}],"about":[{"href":"https:\/\/www.aikibujutsu.hu\/index.php?rest_route=\/wp\/v2\/types\/post"}],"author":[{"embeddable":true,"href":"https:\/\/www.aikibujutsu.hu\/index.php?rest_route=\/wp\/v2\/users\/4"}],"replies":[{"embeddable":true,"href":"https:\/\/www.aikibujutsu.hu\/index.php?rest_route=%2Fwp%2Fv2%2Fcomments&post=84"}],"version-history":[{"count":0,"href":"https:\/\/www.aikibujutsu.hu\/index.php?rest_route=\/wp\/v2\/posts\/84\/revisions"}],"wp:attachment":[{"href":"https:\/\/www.aikibujutsu.hu\/index.php?rest_route=%2Fwp%2Fv2%2Fmedia&parent=84"}],"wp:term":[{"taxonomy":"category","embeddable":true,"href":"https:\/\/www.aikibujutsu.hu\/index.php?rest_route=%2Fwp%2Fv2%2Fcategories&post=84"},{"taxonomy":"post_tag","embeddable":true,"href":"https:\/\/www.aikibujutsu.hu\/index.php?rest_route=%2Fwp%2Fv2%2Ftags&post=84"}],"curies":[{"name":"wp","href":"https:\/\/api.w.org\/{rel}","templated":true}]}}