{"id":83,"date":"2007-10-27T10:34:15","date_gmt":"2007-10-27T08:34:15","guid":{"rendered":"http:\/\/2692810"},"modified":"2007-10-27T10:34:15","modified_gmt":"2007-10-27T08:34:15","slug":"aikibujutsu-bojutsu-szeminarium-es-vizsga","status":"publish","type":"post","link":"https:\/\/www.aikibujutsu.hu\/?p=83","title":{"rendered":"aikibujutsu bojutsu szemin\u00e1rium \u00e9s vizsga"},"content":{"rendered":"<p align=\"justify\">\n<strong>AIKIBUJUTSU \u00c9S BOJUTSU SZEMIN\u00c1RIUM<\/strong> <\/p>\n<p>November 25-\u00e9n (vas\u00e1rnap) aikibujutsu \u00e9s bojutsu szemin\u00e1riumot tartok a <a href=\"http:\/\/aikibujutsu.freeblog.hu\/files\/terkep\/tuzer_utca_map_02.jpg\" shape=\"rect\"><em>T\u00fcz\u00e9r utcai Honv\u00e9d Judoteremben<\/em><\/a>\u00a0<em>,<\/em> amely a XIII., T\u00fcz\u00e9r u. 56. c\u00edmen tal\u00e1lhat\u00f3.\n<\/p>\n<p align=\"justify\">\n<em>A program: <br \/>\n<\/em>\n<\/p>\n<p align=\"justify\">\n<em>10:00 &#8211; 12:00\u00a0 aikibujutsu, <strong>bojutsu<\/strong>\u00a0<br \/>\n12:00 &#8211; 13:00\u00a0 bojutsu <\/p>\n<p>eb\u00e9dsz\u00fcnet <\/p>\n<p>15:00 &#8211; 16:00 aikibujutsu<br \/>\n16:00 &#8211; 17:00 vizsga<\/em> <\/p>\n<p>A r\u00e9szv\u00e9teli d\u00edj 3000 Ft, <br \/>\naki csak a bo edz\u00e9seken k\u00edv\u00e1n r\u00e9szt venni, annak\u00a02000 Ft.\n<\/p>\n<p align=\"justify\">\nA szemin\u00e1riumon\u00a0kiz\u00e1r\u00f3lag a k\u00e9t sz\u00f6vets\u00e9g,\u00a0az Aikibujutsu Tanren Kenkyukai (AB),\u00a0\u00e9s a Nemzetk\u00f6zi Shinkendo Sz\u00f6vets\u00e9g (ISF) tagjai vehetnek r\u00e9szt. A vizsg\u00e1ra bocs\u00e1t\u00e1st\u00a0a dojovezet\u0151k d\u00f6ntik el.\n<\/p>\n<p align=\"justify\">\nA vizsgad\u00edjat (USD),\u00a0a szemin\u00e1rium d\u00edjjal egy\u00fctt, a\u00a0helysz\u00ednen kell befizetni. \n<\/p>\n<p align=\"justify\">\n<p>Gambatte, P\u00e9ter <\/p>\n","protected":false},"excerpt":{"rendered":"<p>AIKIBUJUTSU \u00c9S BOJUTSU SZEMIN\u00c1RIUM November 25-\u00e9n (vas\u00e1rnap) aikibujutsu \u00e9s bojutsu szemin\u00e1riumot tartok a T\u00fcz\u00e9r utcai Honv\u00e9d Judoteremben\u00a0, amely a XIII., T\u00fcz\u00e9r u. 56. c\u00edmen tal\u00e1lhat\u00f3. A program: 10:00 &#8211; 12:00\u00a0 [&hellip;]<\/p>\n","protected":false},"author":4,"featured_media":0,"comment_status":"open","ping_status":"open","sticky":false,"template":"","format":"standard","meta":{"_mi_skip_tracking":false},"categories":[5],"tags":[],"_links":{"self":[{"href":"https:\/\/www.aikibujutsu.hu\/index.php?rest_route=\/wp\/v2\/posts\/83"}],"collection":[{"href":"https:\/\/www.aikibujutsu.hu\/index.php?rest_route=\/wp\/v2\/posts"}],"about":[{"href":"https:\/\/www.aikibujutsu.hu\/index.php?rest_route=\/wp\/v2\/types\/post"}],"author":[{"embeddable":true,"href":"https:\/\/www.aikibujutsu.hu\/index.php?rest_route=\/wp\/v2\/users\/4"}],"replies":[{"embeddable":true,"href":"https:\/\/www.aikibujutsu.hu\/index.php?rest_route=%2Fwp%2Fv2%2Fcomments&post=83"}],"version-history":[{"count":0,"href":"https:\/\/www.aikibujutsu.hu\/index.php?rest_route=\/wp\/v2\/posts\/83\/revisions"}],"wp:attachment":[{"href":"https:\/\/www.aikibujutsu.hu\/index.php?rest_route=%2Fwp%2Fv2%2Fmedia&parent=83"}],"wp:term":[{"taxonomy":"category","embeddable":true,"href":"https:\/\/www.aikibujutsu.hu\/index.php?rest_route=%2Fwp%2Fv2%2Fcategories&post=83"},{"taxonomy":"post_tag","embeddable":true,"href":"https:\/\/www.aikibujutsu.hu\/index.php?rest_route=%2Fwp%2Fv2%2Ftags&post=83"}],"curies":[{"name":"wp","href":"https:\/\/api.w.org\/{rel}","templated":true}]}}