{"id":82,"date":"2007-10-22T13:39:45","date_gmt":"2007-10-22T11:39:45","guid":{"rendered":"http:\/\/2681785"},"modified":"2007-10-22T13:39:45","modified_gmt":"2007-10-22T11:39:45","slug":"szeminarium-es-vizsga","status":"publish","type":"post","link":"https:\/\/www.aikibujutsu.hu\/?p=82","title":{"rendered":"Szeminarium es vizsga"},"content":{"rendered":"<p><strong>AIKIDO \u00c9S AIKIBUJUTSU SZEMIN\u00c1RIUM \u00c9S VIZSGA LUK\u00c1CS P\u00c9TER MESTERREL<\/strong><\/p>\n<p>\nEl\u0151rel\u00e1that\u00f3lag november 24-\u00e9n vagy 25-\u00e9n egynapos szemin\u00e1rium lesz a Honv\u00e9dban (T\u00fcz\u00e9r u.). D\u00e9lel\u0151tt 3 \u00f3ra, d\u00e9lut\u00e1n 2 \u00f3ra id\u0151tartamban, melynek v\u00e9gen lesznek a kyu vizsg\u00e1k. A pontos r\u00e9szleteket hamarosan kiirjuk ide.<\/p>\n","protected":false},"excerpt":{"rendered":"<p>AIKIDO \u00c9S AIKIBUJUTSU SZEMIN\u00c1RIUM \u00c9S VIZSGA LUK\u00c1CS P\u00c9TER MESTERREL El\u0151rel\u00e1that\u00f3lag november 24-\u00e9n vagy 25-\u00e9n egynapos szemin\u00e1rium lesz a Honv\u00e9dban (T\u00fcz\u00e9r u.). D\u00e9lel\u0151tt 3 \u00f3ra, d\u00e9lut\u00e1n 2 \u00f3ra id\u0151tartamban, melynek v\u00e9gen [&hellip;]<\/p>\n","protected":false},"author":4,"featured_media":0,"comment_status":"open","ping_status":"open","sticky":false,"template":"","format":"standard","meta":{"_mi_skip_tracking":false},"categories":[5],"tags":[],"_links":{"self":[{"href":"https:\/\/www.aikibujutsu.hu\/index.php?rest_route=\/wp\/v2\/posts\/82"}],"collection":[{"href":"https:\/\/www.aikibujutsu.hu\/index.php?rest_route=\/wp\/v2\/posts"}],"about":[{"href":"https:\/\/www.aikibujutsu.hu\/index.php?rest_route=\/wp\/v2\/types\/post"}],"author":[{"embeddable":true,"href":"https:\/\/www.aikibujutsu.hu\/index.php?rest_route=\/wp\/v2\/users\/4"}],"replies":[{"embeddable":true,"href":"https:\/\/www.aikibujutsu.hu\/index.php?rest_route=%2Fwp%2Fv2%2Fcomments&post=82"}],"version-history":[{"count":0,"href":"https:\/\/www.aikibujutsu.hu\/index.php?rest_route=\/wp\/v2\/posts\/82\/revisions"}],"wp:attachment":[{"href":"https:\/\/www.aikibujutsu.hu\/index.php?rest_route=%2Fwp%2Fv2%2Fmedia&parent=82"}],"wp:term":[{"taxonomy":"category","embeddable":true,"href":"https:\/\/www.aikibujutsu.hu\/index.php?rest_route=%2Fwp%2Fv2%2Fcategories&post=82"},{"taxonomy":"post_tag","embeddable":true,"href":"https:\/\/www.aikibujutsu.hu\/index.php?rest_route=%2Fwp%2Fv2%2Ftags&post=82"}],"curies":[{"name":"wp","href":"https:\/\/api.w.org\/{rel}","templated":true}]}}