{"id":695,"date":"2010-10-12T17:32:05","date_gmt":"2010-10-12T15:32:05","guid":{"rendered":"http:\/\/www.aikibujutsu.hu\/?p=695"},"modified":"2015-01-07T00:24:53","modified_gmt":"2015-01-07T00:24:53","slug":"tortura-los-angelesbe-2010-januar","status":"publish","type":"post","link":"https:\/\/www.aikibujutsu.hu\/?p=695","title":{"rendered":"(Tor)T\u00fara Los Angelesbe 2010 janu\u00e1r"},"content":{"rendered":"<p style=\"text-align: justify;\">A k\u00f6vetkez\u0151 olvasnival\u00f3 Nagy R\u00f3bert shinkendo sensei toll\u00e1b\u00f3l sz\u00fcletett 2010 janu\u00e1r 13-\u00e1n Los Angelesben, amikor is Magyarorsz\u00e1gon BKV sztr\u00e1jk volt.<\/p>\n<p style=\"text-align: justify;\">\u00dagy l\u00e1tom aktu\u00e1lis, \u00edrok egy tanuls\u00e1gos t\u00f6rt\u00e9netet a k\u00f6zleked\u00e9si neh\u00e9zs\u00e9gekr\u0151l.<br \/>\nMint bizony\u00e1ra sokan tudj\u00e1tok, Sziklai Feri aikibujutsu sensei-el a napokban a Honbu-ba utaztunk. Szombat reggel, hajnali 3 \u00f3ra. Felkel\u00e9s, mosakod\u00e1s, \u00f6lt\u00f6z\u00e9s, felszerel\u00e9s \u00e1tn\u00e9z\u00e9se. 4 \u00f3rakor meg\u00e9rkezik a taxi, aki a rep\u00fcl\u0151t\u00e9rre sz\u00e1ll\u00edt.<br \/>\nA terrorvesz\u00e9ly miatt, ami most megint el\u0151t\u00e9rbe ker\u00fclt, a bejelentkez\u00e9s hossz\u00fa, teh\u00e1t id\u0151ben kell \u00e9rkezni. 5 \u00f3rakor csomagok felad\u00e1sa, biztons\u00e1gi ellen\u0151rz\u00e9s, minden f\u00e9m dolog kipakol\u00e1sa, cip\u0151 lev\u00e9tele \u00e9s sat\u00f6bbi ut\u00e1n ir\u00e1ny a tranzit. V\u00e1rakozunk a rep\u00fcl\u0151re, ami 7 \u00f3rakor indulna.<br \/>\nNem engednek fel\u00fclni a g\u00e9pre, mert m\u00e9g valami nincs rendj\u00e9n. Nyugat-eur\u00f3p\u00e1ban h\u00f3viharok d\u00falnak.<\/p>\n<p style=\"text-align: justify;\">A jegy\u00fcnk: Budapest &#8211; Frankfurt &#8211; Los Angeles, Frankfurti rept\u00e9ren h\u00f3vihar, nem indulhatunk el. V\u00e1rakoz\u00e1s. 3 \u00f3ra \u00fcld\u00f6g\u00e9l\u00e9s alatt k\u00f6nnyen eld\u00f6nthett\u00fck volna, hogy hazamegy\u00fcnk, majd bejelentkez\u00fcnk egy k\u00e9s\u0151bbi g\u00e9pre, amikor nem lesz h\u00f3vihar. Nem tett\u00fck, mert elsz\u00e1ntak voltunk. Kijutunk \u00e9s k\u00e9sz. 10 \u00f3rakor bejelentett\u00e9k, hogy indulhat a g\u00e9p.<\/p>\n<p style=\"text-align: justify;\">P\u00e1r \u00f3r\u00e1val k\u00e9s\u0151bb, Frankfurt. Vastag h\u00f3takar\u00f3. Takar\u00edt\u00f3g\u00e9pek minden\u00fctt,\u00a0 nehezen gurultunk be a kifut\u00f3r\u00f3l, a h\u00f3 miatt. Meglett v\u00e9g\u00fcl. A csatlakoz\u00e1s nem v\u00e1rt meg, egy \u00f3r\u00e1ja felsz\u00e1llt \u00e9s elrep\u00fclt a tengerent\u00falra. Csak m\u00e1snap megy k\u00f6zvetlen Lufthansa j\u00e1rat. Enn\u00e9l a pontn\u00e1l eld\u00f6nthett\u00fck volna, hogy megv\u00e1rjuk a m\u00e1snap ilyenkort egy sz\u00e1ll\u00e1son, de nem tett\u00fck, mert menn\u00fcnk kellett. Kerest\u00fcnk a t\u00fcleked\u0151 emberek k\u00f6z\u00f6tt lehet\u0151s\u00e9get arra, hogy egy \u00fcgyint\u00e9z\u0151vel k\u00f6zvetlen megbesz\u00e9lj\u00fck a j\u00e1ratcser\u00e9t. Meg is lelt\u00fck egy jap\u00e1nban, aki a sorral szemben k\u00f6zvetlen odavitt egy kisasszonyhoz, aki sok keresg\u00e9l\u00e9ssel a mosolyg\u00f3s r\u00e1besz\u00e9l\u00e9s hat\u00e1s\u00e1ra tal\u00e1lt egy New Yorkba men\u0151 g\u00e9pet nek\u00fcnk ami m\u00e9g d\u00e9lut\u00e1n indul. Arra pedig egy csatlakoz\u00e1st, ami helyi id\u0151 szerint \u00e9jf\u00e9lre LA-be \u00e9r. A g\u00e9p nem indult id\u0151ben, m\u00e9g besz\u00e9lt\u00fcnk p\u00e1r sz\u00f3t a szervez\u0151 kisasszonnyal, akivel v\u00e9letlen\u00fcl \u00f6sszefutottunk \u00e9s r\u00e1\u00e9bresztett\u00fck, hogy nem fogjuk el\u00e9rni a j\u00e1ratot, ha ez \u00edgy megy tov\u00e1bb. Ennek m\u00e9g jelent\u0151s\u00e9ge lesz.<\/p>\n<p style=\"text-align: justify;\">Nos, azt\u00e1n a havaz\u00e1s miatt a NY-i j\u00e1rat k\u00e9t \u00f3r\u00e1s k\u00e9s\u00e9ssel indult, ami azt\u00e1n 8 \u00f3r\u00e1s utaz\u00e1sba torkollott a k\u00e9nyelmetlen rep\u00fcl\u0151n ami a sok k\u00e9s\u00e9s \u00e9s v\u00e1rakoz\u00e1s ut\u00e1n m\u00e1r kimer\u00edt\u0151. Nem cs\u00fcggedt\u00fcnk, a c\u00e9l fontos, a nevet\u00e9s megfelel\u0151 fegyver. V\u00e9gigpo\u00e9nkodtuk az utaz\u00e1st. Este, helyi id\u0151 szerint 9:30-kor \u00e9rkezt\u00fcnk meg New York-ba, ahov\u00e1 nem sz\u00e1nd\u00e9koztunk menni. Eredeti terveink szerint haladva m\u00e1r r\u00e9g a Honbu k\u00f6zel\u00e9ben lett\u00fcnk volna a sz\u00e1ll\u00e1sunkon, de az m\u00e9g messze volt. Itt l\u00e9pt\u00fcnk be az orsz\u00e1gba, v\u00edzumellen\u0151rz\u00e9s, mogorv\u00e1n n\u00e9z\u00e9s, biztons\u00e1gi k\u00e9rd\u00e9sek, nem vagyunk terrorist\u00e1k, mehet\u00fcnk edzeni.<\/p>\n<p style=\"text-align: justify;\">Term\u00e9szetesen a k\u00e9t \u00f3r\u00e1s k\u00e9s\u00e9s megtette hat\u00e1s\u00e1t, a k\u00f6zvetlen kapcsolat m\u00e1r r\u00e9g elrep\u00fclt \u00e9s lek\u00e9st\u00fck. Nos, itt m\u00e1r k\u00f6nnyebb dolgunk volt, nem kellett ut\u00e1naj\u00e1rni, a kisasszonny a h\u00e1tunk m\u00f6g\u00f6tt elint\u00e9zte, az els\u0151 fekete b\u0151r\u0171 h\u00f6lgy, akivel tal\u00e1lkoztunk, egy bor\u00edt\u00e9kot adott, amiben sz\u00e1llodai foglal\u00e1s \u00e9s egy m\u00e1snapi LA-be tart\u00f3 g\u00e9p besz\u00e1ll\u00f3k\u00e1rty\u00e1i voltak. \u0150 nem mosolygott, ez itt m\u00e1r nem Eur\u00f3pa. Mi mosolyogtunk, ez kaland. A JFK rep\u00fcl\u0151t\u00e9r akkora, hogy vonat j\u00e1r benne k\u00f6rbek\u00f6rbe. Teh\u00e1t vonatoz\u00e1s, majd rept\u00e9rbusszal Holiday Inn hotel, kedvetlen indiai pultos, majd vacsora, alv\u00e1s.<\/p>\n<p style=\"text-align: justify;\">4 \u00f3ra alv\u00e1s ut\u00e1n indulni kell, hogy ki\u00e9rj\u00fcnk \u00e9s \u00e1tess\u00fcnk a vizsg\u00e1laton a rep\u00fcl\u0151re felmenet. A csomagjainkr\u00f3l let\u00e9pik a f\u00f3li\u00e1t, a biztos\u00edt\u00e1sunknak l\u0151ttek, ez itt Amerika. 6 \u00f3ra ut\u00e1n p\u00e1r perccel indul\u00e1s. New Yorkban -9 fok van, de nincs h\u00f3vihar. A pil\u00f3ta gyorshajtott, el\u0151bb \u00e9rkezt\u00fcnk oda, de ez\u00e9rt nem engedtek m\u00e9g be a gar\u00e1zsba. Los Angelesi id\u0151 szerint vas\u00e1rnap 9 \u00f3rakor \u00e9rkezt\u00fcnk meg. Helyi bar\u00e1tunk, Gabriel Koneta elhozott minket a sz\u00e1ll\u00e1sunkra, a Little Tokyoban \u00e1ll\u00f3 Miyako Inn hotelba, ahov\u00e1 10.35-re \u00e9rt\u00fcnk.<\/p>\n<p style=\"text-align: justify;\">Ez annyit jelent, hogy k\u00f6zel 40 \u00f3ra telt el az utaz\u00e1sunk kezdete \u00f3ta,\u00a0 kis alv\u00e1sokkal megszak\u00edtva. 22 \u00f3ra k\u00e9s\u00e9ssel \u00e9rt\u00fcnk v\u00e9g\u00fcl a Honbu k\u00f6zel\u00e9be.<\/p>\n<p style=\"text-align: justify;\">Teh\u00e1t csak azt\u00a0 mondom, senkit ne rettentsen meg egy kis BKV sztr\u00e1jk, ha edz\u00e9sre szeretne menni.<\/p>\n<p style=\"text-align: justify;\">Jinsei Shinkendo,<br \/>\nR.-<\/p>\n","protected":false},"excerpt":{"rendered":"<p>A k\u00f6vetkez\u0151 olvasnival\u00f3 Nagy R\u00f3bert shinkendo sensei toll\u00e1b\u00f3l sz\u00fcletett 2010 janu\u00e1r 13-\u00e1n Los Angelesben, amikor is Magyarorsz\u00e1gon BKV sztr\u00e1jk volt. \u00dagy l\u00e1tom aktu\u00e1lis, \u00edrok egy tanuls\u00e1gos t\u00f6rt\u00e9netet a k\u00f6zleked\u00e9si neh\u00e9zs\u00e9gekr\u0151l. [&hellip;]<\/p>\n","protected":false},"author":4,"featured_media":1671,"comment_status":"closed","ping_status":"open","sticky":false,"template":"","format":"standard","meta":{"_mi_skip_tracking":false},"categories":[2,4],"tags":[],"_links":{"self":[{"href":"https:\/\/www.aikibujutsu.hu\/index.php?rest_route=\/wp\/v2\/posts\/695"}],"collection":[{"href":"https:\/\/www.aikibujutsu.hu\/index.php?rest_route=\/wp\/v2\/posts"}],"about":[{"href":"https:\/\/www.aikibujutsu.hu\/index.php?rest_route=\/wp\/v2\/types\/post"}],"author":[{"embeddable":true,"href":"https:\/\/www.aikibujutsu.hu\/index.php?rest_route=\/wp\/v2\/users\/4"}],"replies":[{"embeddable":true,"href":"https:\/\/www.aikibujutsu.hu\/index.php?rest_route=%2Fwp%2Fv2%2Fcomments&post=695"}],"version-history":[{"count":1,"href":"https:\/\/www.aikibujutsu.hu\/index.php?rest_route=\/wp\/v2\/posts\/695\/revisions"}],"predecessor-version":[{"id":1674,"href":"https:\/\/www.aikibujutsu.hu\/index.php?rest_route=\/wp\/v2\/posts\/695\/revisions\/1674"}],"wp:featuredmedia":[{"embeddable":true,"href":"https:\/\/www.aikibujutsu.hu\/index.php?rest_route=\/wp\/v2\/media\/1671"}],"wp:attachment":[{"href":"https:\/\/www.aikibujutsu.hu\/index.php?rest_route=%2Fwp%2Fv2%2Fmedia&parent=695"}],"wp:term":[{"taxonomy":"category","embeddable":true,"href":"https:\/\/www.aikibujutsu.hu\/index.php?rest_route=%2Fwp%2Fv2%2Fcategories&post=695"},{"taxonomy":"post_tag","embeddable":true,"href":"https:\/\/www.aikibujutsu.hu\/index.php?rest_route=%2Fwp%2Fv2%2Ftags&post=695"}],"curies":[{"name":"wp","href":"https:\/\/api.w.org\/{rel}","templated":true}]}}