{"id":69,"date":"2007-08-14T10:26:00","date_gmt":"2007-08-14T08:26:00","guid":{"rendered":"http:\/\/2536565"},"modified":"2007-08-14T10:26:00","modified_gmt":"2007-08-14T08:26:00","slug":"aranyhegy-fesztival","status":"publish","type":"post","link":"https:\/\/www.aikibujutsu.hu\/?p=69","title":{"rendered":"Aranyhegy Fesztiv\u00e1l"},"content":{"rendered":"<p>\n<strong><font size=\"2\">ARANYHEGY FESZTIV\u00c1L<\/font><\/strong>\n<\/p>\n<p>\n2007. augusztus 18. (szombat) 9:00 &#8211; 23:00 <br \/>\nBudapest, BUTOKUGAN Harcm\u0171v\u00e9szeti K\u00f6zpont. <br \/>\nBemutat\u00f3zni fogunk ott. <br \/>\nK\u00f6zvetlen\u00fcl a Shinkendo bemutat\u00f3 (13:00 &#8211; 13:55)\u00a0ut\u00e1n\n<\/p>\n<p>\n<em><strong>13:55 &#8211; 14:50\u00a0\u00a0 Aikibujutsu &#8211; Bojutsu<\/strong><\/em>\n<\/p>\n<p>\nK\u00e9retik minden halad\u00f3 tan\u00edtv\u00e1ny jelentkezzen n\u00e1lam.\n<\/p>\n<p>\nA r\u00e9szletek <strong><a href=\"http:\/\/www.aranyhegy.com\/fesztival_prog.php\" shape=\"rect\" target=\"\">itt<\/a><\/strong>.\n<\/p>\n<p>\nAki nem bemutat\u00f3zik, az is j\u00f6jj\u00f6n el. \u00c9rdemes megn\u00e9zni.<br \/>\nM\u0171vel\u0151djetek&#8230;<\/p>\n","protected":false},"excerpt":{"rendered":"<p>ARANYHEGY FESZTIV\u00c1L 2007. augusztus 18. (szombat) 9:00 &#8211; 23:00 Budapest, BUTOKUGAN Harcm\u0171v\u00e9szeti K\u00f6zpont. Bemutat\u00f3zni fogunk ott. K\u00f6zvetlen\u00fcl a Shinkendo bemutat\u00f3 (13:00 &#8211; 13:55)\u00a0ut\u00e1n 13:55 &#8211; 14:50\u00a0\u00a0 Aikibujutsu &#8211; Bojutsu K\u00e9retik [&hellip;]<\/p>\n","protected":false},"author":4,"featured_media":0,"comment_status":"open","ping_status":"open","sticky":false,"template":"","format":"standard","meta":{"_mi_skip_tracking":false},"categories":[5],"tags":[],"_links":{"self":[{"href":"https:\/\/www.aikibujutsu.hu\/index.php?rest_route=\/wp\/v2\/posts\/69"}],"collection":[{"href":"https:\/\/www.aikibujutsu.hu\/index.php?rest_route=\/wp\/v2\/posts"}],"about":[{"href":"https:\/\/www.aikibujutsu.hu\/index.php?rest_route=\/wp\/v2\/types\/post"}],"author":[{"embeddable":true,"href":"https:\/\/www.aikibujutsu.hu\/index.php?rest_route=\/wp\/v2\/users\/4"}],"replies":[{"embeddable":true,"href":"https:\/\/www.aikibujutsu.hu\/index.php?rest_route=%2Fwp%2Fv2%2Fcomments&post=69"}],"version-history":[{"count":0,"href":"https:\/\/www.aikibujutsu.hu\/index.php?rest_route=\/wp\/v2\/posts\/69\/revisions"}],"wp:attachment":[{"href":"https:\/\/www.aikibujutsu.hu\/index.php?rest_route=%2Fwp%2Fv2%2Fmedia&parent=69"}],"wp:term":[{"taxonomy":"category","embeddable":true,"href":"https:\/\/www.aikibujutsu.hu\/index.php?rest_route=%2Fwp%2Fv2%2Fcategories&post=69"},{"taxonomy":"post_tag","embeddable":true,"href":"https:\/\/www.aikibujutsu.hu\/index.php?rest_route=%2Fwp%2Fv2%2Ftags&post=69"}],"curies":[{"name":"wp","href":"https:\/\/api.w.org\/{rel}","templated":true}]}}