{"id":68,"date":"2007-08-14T10:11:23","date_gmt":"2007-08-14T08:11:23","guid":{"rendered":"http:\/\/2536537"},"modified":"2007-08-14T10:11:23","modified_gmt":"2007-08-14T08:11:23","slug":"sziasztok","status":"publish","type":"post","link":"https:\/\/www.aikibujutsu.hu\/?p=68","title":{"rendered":"sziasztok"},"content":{"rendered":"<p>\n<strong><font size=\"2\">\u00dcdv\u00f6zl\u00f6k mindenkit!<\/font><\/strong>\n<\/p>\n<p>\nEz\u00faton szeretn\u00e9m megk\u00f6sz\u00f6nni Kampocnak a blog l\u00e9trej\u00f6tt\u00e9ben v\u00e1llalt munk\u00e1j\u00e1t, valamint Halefnak a tatami sz\u00e1ll\u00edt\u00e1s\u00e1t (b\u00e1r az edz\u0151t\u00e1borban csak a szeme f\u00e1radhatott el).\n<\/p>\n<p>\nJ\u00f3 nyaral\u00e1st, szeptemberben tal\u00e1lkozunk .<\/p>\n","protected":false},"excerpt":{"rendered":"<p>\u00dcdv\u00f6zl\u00f6k mindenkit! Ez\u00faton szeretn\u00e9m megk\u00f6sz\u00f6nni Kampocnak a blog l\u00e9trej\u00f6tt\u00e9ben v\u00e1llalt munk\u00e1j\u00e1t, valamint Halefnak a tatami sz\u00e1ll\u00edt\u00e1s\u00e1t (b\u00e1r az edz\u0151t\u00e1borban csak a szeme f\u00e1radhatott el). J\u00f3 nyaral\u00e1st, szeptemberben tal\u00e1lkozunk .<\/p>\n","protected":false},"author":4,"featured_media":0,"comment_status":"open","ping_status":"open","sticky":false,"template":"","format":"standard","meta":{"_mi_skip_tracking":false},"categories":[5],"tags":[],"_links":{"self":[{"href":"https:\/\/www.aikibujutsu.hu\/index.php?rest_route=\/wp\/v2\/posts\/68"}],"collection":[{"href":"https:\/\/www.aikibujutsu.hu\/index.php?rest_route=\/wp\/v2\/posts"}],"about":[{"href":"https:\/\/www.aikibujutsu.hu\/index.php?rest_route=\/wp\/v2\/types\/post"}],"author":[{"embeddable":true,"href":"https:\/\/www.aikibujutsu.hu\/index.php?rest_route=\/wp\/v2\/users\/4"}],"replies":[{"embeddable":true,"href":"https:\/\/www.aikibujutsu.hu\/index.php?rest_route=%2Fwp%2Fv2%2Fcomments&post=68"}],"version-history":[{"count":0,"href":"https:\/\/www.aikibujutsu.hu\/index.php?rest_route=\/wp\/v2\/posts\/68\/revisions"}],"wp:attachment":[{"href":"https:\/\/www.aikibujutsu.hu\/index.php?rest_route=%2Fwp%2Fv2%2Fmedia&parent=68"}],"wp:term":[{"taxonomy":"category","embeddable":true,"href":"https:\/\/www.aikibujutsu.hu\/index.php?rest_route=%2Fwp%2Fv2%2Fcategories&post=68"},{"taxonomy":"post_tag","embeddable":true,"href":"https:\/\/www.aikibujutsu.hu\/index.php?rest_route=%2Fwp%2Fv2%2Ftags&post=68"}],"curies":[{"name":"wp","href":"https:\/\/api.w.org\/{rel}","templated":true}]}}