{"id":333,"date":"2010-03-28T19:12:04","date_gmt":"2010-03-28T17:12:04","guid":{"rendered":"http:\/\/4902357"},"modified":"2010-03-28T19:12:04","modified_gmt":"2010-03-28T17:12:04","slug":"x-nemzetkozi-shinkendo-es-aikibujutsu-szeminarium","status":"publish","type":"post","link":"https:\/\/www.aikibujutsu.hu\/?p=333","title":{"rendered":"X. Nemzetk\u00f6zi Shinkendo \u00e9s Aikibujutsu szemin\u00e1rium"},"content":{"rendered":"<p style=\"text-align: justify;\"><span style=\"font-size: 12pt;\"><strong>X. Nemzetk\u00f6zi Shinkendo \u00e9s Aikibujutsu szemin\u00e1rium Obata Toshishiro Kaiso vezet\u00e9s\u00e9vel<\/strong><\/span><\/p>\n<p>2010. j\u00falius 1-4.<\/p>\n<p>R\u00e9szletes program:<\/p>\n<p><em>07\/01 Cs\u00fct\u00f6rt\u00f6k<\/em><\/p>\n<p><strong>09.00-11.00 Aikibujutsu <\/strong><br \/>\n11.15-13.15 Shinkendo<br \/>\n16.30-18.30 Shinkendo<br \/>\n18.30-19.15 Shinkendo Instruktori(Goho fokozat \u00e9s a felett)<\/p>\n<p><em>07\/02 P\u00e9ntek<\/em><\/p>\n<p><strong>09.00-11.00 Aikibujutsu<\/strong><br \/>\n11.15-13.15 Shinkendo<br \/>\n16.30-18.30 Shinkendo<br \/>\n18.30-19.15 Shinkendo Instruktori(Goho fokozat \u00e9s a felett)<\/p>\n<p><em>07\/03 Szombat<\/em><\/p>\n<p style=\"text-align: justify;\"><strong>09.00-11.00 Aikibujutsu <\/strong><br \/>\n11.15-13.15 Shinkendo<br \/>\n16.30-18.30 Shinkendo<br \/>\n18.30-19.15 Shinkendo Instruktori(Goho fokozat \u00e9s a felett)<\/p>\n<p><em>07\/04 Vas\u00e1rnap<\/em><\/p>\n<p><strong>09.00-11.00 Aikibujutsu <\/strong><br \/>\n11.15-13.15 Shinkendo<br \/>\n16.00-18.00 Shinkendo Instruktori(Goho fokozat \u00e9s a felett)<\/p>\n<p>Helye:\u00a0 Fay Andr\u00e1s \u00c1ltal\u00e1nos Iskola,\u00a0 H-2151 F\u00f3t, V\u00e1s\u00e1rt\u00e9r utca 1.<\/p>\n<p>Az edz\u00e9seken val\u00f3 r\u00e9szv\u00e9tel csak a <em>Kokusai Shinkendo Renmei, a Kokusai Toyama-ryu Renmei \u00e9s az Aikibujutsu Tanren Kenkyukai<\/em> tagjai sz\u00e1m\u00e1ra lehets\u00e9ges, aminek felt\u00e9tele a nemzetk\u00f6zi \u00e9ves tagd\u00edj befizet\u00e9se \u00e9s a nyilatkozat kit\u00f6lt\u00e9se.<\/p>\n<p style=\"text-align: justify;\">Sz\u00e1ll\u00e1s: a szemin\u00e1rium helysz\u00edn\u00e9n az iskol\u00e1ban 1000.-\/f\u0151\/\u00e9j \u2013h\u00e1l\u00f3zs\u00e1k vagy \u00e1gynem\u0171 sz\u00fcks\u00e9ges!<\/p>\n<p>K\u00e9rem, hogy jelentkez\u00e9seteket 2010. m\u00e1jus 31-ig adj\u00e1tok le, \u00e9s a szemin\u00e1riumi d\u00edjakat -lehet\u0151s\u00e9g szerint- 2010. j\u00fanius 15-ig hozz\u00e1m eljuttatni sz\u00edveskedjetek! El\u0151leg fizet\u00e9s\u00e9re van lehet\u0151s\u00e9g.<\/p>\n<p style=\"text-align: justify;\">\n","protected":false},"excerpt":{"rendered":"<p>X. Nemzetk\u00f6zi Shinkendo \u00e9s Aikibujutsu szemin\u00e1rium Obata Toshishiro Kaiso vezet\u00e9s\u00e9vel 2010. j\u00falius 1-4. R\u00e9szletes program: 07\/01 Cs\u00fct\u00f6rt\u00f6k 09.00-11.00 Aikibujutsu 11.15-13.15 Shinkendo 16.30-18.30 Shinkendo 18.30-19.15 Shinkendo Instruktori(Goho fokozat \u00e9s a felett) [&hellip;]<\/p>\n","protected":false},"author":1,"featured_media":0,"comment_status":"closed","ping_status":"open","sticky":false,"template":"","format":"standard","meta":{"_mi_skip_tracking":false},"categories":[4],"tags":[32],"_links":{"self":[{"href":"https:\/\/www.aikibujutsu.hu\/index.php?rest_route=\/wp\/v2\/posts\/333"}],"collection":[{"href":"https:\/\/www.aikibujutsu.hu\/index.php?rest_route=\/wp\/v2\/posts"}],"about":[{"href":"https:\/\/www.aikibujutsu.hu\/index.php?rest_route=\/wp\/v2\/types\/post"}],"author":[{"embeddable":true,"href":"https:\/\/www.aikibujutsu.hu\/index.php?rest_route=\/wp\/v2\/users\/1"}],"replies":[{"embeddable":true,"href":"https:\/\/www.aikibujutsu.hu\/index.php?rest_route=%2Fwp%2Fv2%2Fcomments&post=333"}],"version-history":[{"count":0,"href":"https:\/\/www.aikibujutsu.hu\/index.php?rest_route=\/wp\/v2\/posts\/333\/revisions"}],"wp:attachment":[{"href":"https:\/\/www.aikibujutsu.hu\/index.php?rest_route=%2Fwp%2Fv2%2Fmedia&parent=333"}],"wp:term":[{"taxonomy":"category","embeddable":true,"href":"https:\/\/www.aikibujutsu.hu\/index.php?rest_route=%2Fwp%2Fv2%2Fcategories&post=333"},{"taxonomy":"post_tag","embeddable":true,"href":"https:\/\/www.aikibujutsu.hu\/index.php?rest_route=%2Fwp%2Fv2%2Ftags&post=333"}],"curies":[{"name":"wp","href":"https:\/\/api.w.org\/{rel}","templated":true}]}}