{"id":166,"date":"2009-06-23T09:31:43","date_gmt":"2009-06-23T07:31:43","guid":{"rendered":"http:\/\/4140876"},"modified":"2009-06-23T09:31:43","modified_gmt":"2009-06-23T07:31:43","slug":"edzes-elmarad-2","status":"publish","type":"post","link":"https:\/\/www.aikibujutsu.hu\/?p=166","title":{"rendered":"Edz\u00e9s elmarad"},"content":{"rendered":"<p><strong>EDZ\u00c9SEK ELMARADNAK<\/strong><\/p>\n<p>J\u00f6v\u0151 h\u00e9ten, <strong>j\u00fanius 29-t\u0151l j\u00falius 5-ig<\/strong>, a rendes menetrend szerinti \u00a0edz\u00e9sek elmaradnak <strong>a Honv\u00e9dban<\/strong> a f\u00f3ti ny\u00e1ri szemin\u00e1rium miatt. A r\u00e1k\u00f6vetkez\u0151 h\u00e9ten kedden (j\u00falius 7-\u00e9n) lesz a k\u00f6vetkez\u0151 edz\u00e9s.<\/p>\n<p>Aki a szemin\u00e1rium ideje alatt F\u00f3tra k\u00f6lt\u00f6zik az iskol\u00e1ba, \u00e9s m\u00e1r szerd\u00e1n ott tart\u00f3zkodik,\u00a0valamint seg\u00edtene a tatamik lefektet\u00e9s\u00e9ben, k\u00e9rem keressen meg.<\/p>\n<p>El\u0151re is k\u00f6sz\u00f6n\u00f6m!<\/p>\n","protected":false},"excerpt":{"rendered":"<p>EDZ\u00c9SEK ELMARADNAK J\u00f6v\u0151 h\u00e9ten, j\u00fanius 29-t\u0151l j\u00falius 5-ig, a rendes menetrend szerinti \u00a0edz\u00e9sek elmaradnak a Honv\u00e9dban a f\u00f3ti ny\u00e1ri szemin\u00e1rium miatt. A r\u00e1k\u00f6vetkez\u0151 h\u00e9ten kedden (j\u00falius 7-\u00e9n) lesz a k\u00f6vetkez\u0151 [&hellip;]<\/p>\n","protected":false},"author":1,"featured_media":0,"comment_status":"open","ping_status":"open","sticky":false,"template":"","format":"standard","meta":{"_mi_skip_tracking":false},"categories":[5],"tags":[],"_links":{"self":[{"href":"https:\/\/www.aikibujutsu.hu\/index.php?rest_route=\/wp\/v2\/posts\/166"}],"collection":[{"href":"https:\/\/www.aikibujutsu.hu\/index.php?rest_route=\/wp\/v2\/posts"}],"about":[{"href":"https:\/\/www.aikibujutsu.hu\/index.php?rest_route=\/wp\/v2\/types\/post"}],"author":[{"embeddable":true,"href":"https:\/\/www.aikibujutsu.hu\/index.php?rest_route=\/wp\/v2\/users\/1"}],"replies":[{"embeddable":true,"href":"https:\/\/www.aikibujutsu.hu\/index.php?rest_route=%2Fwp%2Fv2%2Fcomments&post=166"}],"version-history":[{"count":0,"href":"https:\/\/www.aikibujutsu.hu\/index.php?rest_route=\/wp\/v2\/posts\/166\/revisions"}],"wp:attachment":[{"href":"https:\/\/www.aikibujutsu.hu\/index.php?rest_route=%2Fwp%2Fv2%2Fmedia&parent=166"}],"wp:term":[{"taxonomy":"category","embeddable":true,"href":"https:\/\/www.aikibujutsu.hu\/index.php?rest_route=%2Fwp%2Fv2%2Fcategories&post=166"},{"taxonomy":"post_tag","embeddable":true,"href":"https:\/\/www.aikibujutsu.hu\/index.php?rest_route=%2Fwp%2Fv2%2Ftags&post=166"}],"curies":[{"name":"wp","href":"https:\/\/api.w.org\/{rel}","templated":true}]}}