{"id":1622,"date":"2009-10-10T10:22:46","date_gmt":"2009-10-10T08:22:46","guid":{"rendered":"http:\/\/www.shinkendo.hu\/test\/?p=1"},"modified":"2009-10-10T10:22:46","modified_gmt":"2009-10-10T08:22:46","slug":"hello-vilag-2","status":"publish","type":"post","link":"https:\/\/www.aikibujutsu.hu\/?p=1622","title":{"rendered":"10 \u00e9ves a magyarorsz\u00e1gi Shinkendo"},"content":{"rendered":"<div id=\"attachment_14\" style=\"width: 204px\" class=\"wp-caption alignleft\"><img aria-describedby=\"caption-attachment-14\" loading=\"lazy\" class=\"size-medium wp-image-14\" title=\"10 \u00e9ves a Shinkendo Magyarorsz\u00e1gon\" src=\"http:\/\/www.shinkendo.hu\/test\/wp-content\/uploads\/2009\/10\/shinkendo_kartyanaptar_preview-194x300.jpg\" alt=\"10 \u00e9ves a Shinkendo Magyarorsz\u00e1gon\" width=\"194\" height=\"300\" \/><p id=\"caption-attachment-14\" class=\"wp-caption-text\">10 \u00e9ves a Shinkendo Magyarorsz\u00e1gon<\/p><\/div>\n<p>A Shinkendo Magyarorsz\u00e1gon 1999-ben indult.\u00a0 Lajos Roland sensei vezet\u00e9s\u00e9vel ker\u00fclt haz\u00e1nkba.<\/p>\n<p>Az az\u00f3ta eltelt 10 \u00e9vben sokan csatlakoztunk hozz\u00e1 tan\u00edtv\u00e1nyk\u00e9nt, egy\u00fctt dolgoztunk, tanultunk, tan\u00edtani kezdt\u00fcnk,\u00a0 m\u00e1ra 9 dojo m\u0171k\u00f6dik orsz\u00e1gszerte, e mellett 2 Aikibujutsu \u00e9s egy Bojutsu dojo.<\/p>\n<p>2009 okt\u00f3ber 10.-\u00e9n, a mai nap egy k\u00f6z\u00f6s \u00f6sszej\u00f6vetelen egy\u00fctt \u00fcnnepelj\u00fck az eltelt 10 \u00e9v kem\u00e9ny munk\u00e1j\u00e1t, sikereit, k\u00f6z\u00f6s \u00e9lm\u00e9nyeit, egy\u00fctt eml\u00e9kez\u00fcnk az edz\u0151t\u00e1borokra, szemin\u00e1riumokra, a f\u0151 instruktorok a Honbuban t\u00f6lt\u00f6tt esem\u00e9nyekr\u0151l anekdot\u00e1znak, vigadunk.<\/p>\n<p>Munk\u00e1s, tartalmas, boldog 10 \u00e9v volt. Igen sokan lett\u00fcnk. Azt k\u00edv\u00e1nom Magunknak, hogy \u00edgy tov\u00e1bb.<\/p>\n<p>Jinsei Shinkendo<\/p>\n<p><a href=\"http:\/\/picasaweb.google.com\/hungariansamurai\/ShinkendoHungary10thAnniversary\">http:\/\/picasaweb.google.com\/hungariansamurai\/ShinkendoHungary10thAnniversary<\/a><\/p>\n","protected":false},"excerpt":{"rendered":"<p>A Shinkendo Magyarorsz\u00e1gon 1999-ben indult.\u00a0 Lajos Roland sensei vezet\u00e9s\u00e9vel ker\u00fclt haz\u00e1nkba. Az az\u00f3ta eltelt 10 \u00e9vben sokan csatlakoztunk hozz\u00e1 tan\u00edtv\u00e1nyk\u00e9nt, egy\u00fctt dolgoztunk, tanultunk, tan\u00edtani kezdt\u00fcnk,\u00a0 m\u00e1ra 9 dojo m\u0171k\u00f6dik orsz\u00e1gszerte, [&hellip;]<\/p>\n","protected":false},"author":1,"featured_media":0,"comment_status":"closed","ping_status":"open","sticky":false,"template":"","format":"standard","meta":{"_mi_skip_tracking":false},"categories":[4],"tags":[],"_links":{"self":[{"href":"https:\/\/www.aikibujutsu.hu\/index.php?rest_route=\/wp\/v2\/posts\/1622"}],"collection":[{"href":"https:\/\/www.aikibujutsu.hu\/index.php?rest_route=\/wp\/v2\/posts"}],"about":[{"href":"https:\/\/www.aikibujutsu.hu\/index.php?rest_route=\/wp\/v2\/types\/post"}],"author":[{"embeddable":true,"href":"https:\/\/www.aikibujutsu.hu\/index.php?rest_route=\/wp\/v2\/users\/1"}],"replies":[{"embeddable":true,"href":"https:\/\/www.aikibujutsu.hu\/index.php?rest_route=%2Fwp%2Fv2%2Fcomments&post=1622"}],"version-history":[{"count":0,"href":"https:\/\/www.aikibujutsu.hu\/index.php?rest_route=\/wp\/v2\/posts\/1622\/revisions"}],"wp:attachment":[{"href":"https:\/\/www.aikibujutsu.hu\/index.php?rest_route=%2Fwp%2Fv2%2Fmedia&parent=1622"}],"wp:term":[{"taxonomy":"category","embeddable":true,"href":"https:\/\/www.aikibujutsu.hu\/index.php?rest_route=%2Fwp%2Fv2%2Fcategories&post=1622"},{"taxonomy":"post_tag","embeddable":true,"href":"https:\/\/www.aikibujutsu.hu\/index.php?rest_route=%2Fwp%2Fv2%2Ftags&post=1622"}],"curies":[{"name":"wp","href":"https:\/\/api.w.org\/{rel}","templated":true}]}}