{"id":149,"date":"2008-12-02T17:05:17","date_gmt":"2008-12-02T15:05:17","guid":{"rendered":"http:\/\/3586608"},"modified":"2008-12-02T17:05:17","modified_gmt":"2008-12-02T15:05:17","slug":"klubkaracsony","status":"publish","type":"post","link":"https:\/\/www.aikibujutsu.hu\/?p=149","title":{"rendered":"Klubkar\u00e1csony"},"content":{"rendered":"<p><font size=\"2\"><strong>KLUBKAR\u00c1CSONY AVAGY \u00c9VADZ\u00c1R\u00d3\u00a0EDZ\u00c9SNAPOK A HONV\u00c9DBAN<\/strong><br \/>\n<\/font><br \/>\n<strong>December 19-20-21<\/strong> (p\u00e9ntek-szombat-vas\u00e1rnap) maratoni kar\u00e1csonyi <strong>edz\u00e9snapok<\/strong> lesznek a <strong>Honv\u00e9dban<\/strong> a klub sz\u00e1m\u00e1ra. A <strong>klub tagjait<\/strong>, de term\u00e9szetesen a szervezethez tartoz\u00f3 b\u00e1rmely m\u00e1s tagot is\u00a0szeretettel\u00a0v\u00e1runk\u00a0(aiki, shinkendo, kempo).<\/p>\n<p><strong>Az el\u0151zetes program:<\/strong>\u00a0 <\/p>\n<p>P\u00e9ntek 19-22 (Aikibujutsu)<br \/>\nSzombaton de. 10-13 \u00f3r\u00e1ig, du. 17-20 \u00f3r\u00e1ig. <br \/>\nVas\u00e1rnap de. 10-13 \u00f3r\u00e1ig, du. 15-18 \u00f3r\u00e1ig. <\/p>\n<p>Szombaton \u00e9s vas\u00e1rnap <strong>aiki, kempo edz\u00e9sek<\/strong> lesznek, a konkr\u00e9tumok m\u00e9g szervez\u00e9s alatt. <em>Hamarosan ki\u00edrjuk ide!<\/em> <\/p>\n<p><em><strong>Helysz\u00edn:<\/strong>\u00a0<\/em><\/p>\n<p><a href=\"http:\/\/aikibujutsu.freeblog.hu\/files\/terkep\/tuzer_utca_map_02.jpg\" shape=\"rect\"><em>T\u00fcz\u00e9r utcai Honv\u00e9d Judoterem<\/em><\/a> <em>,<\/em> amely a XIII., T\u00fcz\u00e9r u. 56. c\u00edmen tal\u00e1lhat\u00f3.<br \/>\n<em>\u00a0<br \/>\n<\/em><br \/>\n<em><strong>Hogy mi\u00e9rt is gyertek?<\/strong><\/em> <\/p>\n<p>Az aikidok\u00e1k megismerkedhetnek k\u00f6zelebbr\u0151l az \u00fct\u00e9sekkel, rug\u00e1sokkal, k\u00f6zelharc technik\u00e1kkal. A kemposok l\u00e1gyabb elemeket saj\u00e1t\u00edthatnak el. Emelett lesz m\u00e9g tanto (k\u00e9s), hanbo (r\u00f6vidbot), \u00e9s bokken (fakard) technika is. <\/p>\n<p><em><strong>Amit biztosan ig\u00e9rhet\u00fcnk<\/strong><\/em> <\/p>\n<p>j\u00f3 hangulat, izzads\u00e1g, szellemi \u00e9s fizikai terhel\u00e9s. <\/p>\n<p><strong><em>A k\u00f6ts\u00e9gek:<\/em><\/strong> <\/p>\n<p>szombat \u00e9s vas\u00e1rnap: 2000 Ft <br \/>\nnapid\u00edj: 1500 Ft <br \/>\nalkami d\u00edj: 1000 Ft <br \/>\n<em>A p\u00e9nteki edz\u00e9s d\u00edjmentes!<\/em> <\/p>\n<p><em><strong>Jelentkez\u00e9s:<\/strong>\u00a0<\/em> <\/p>\n<p>Szem\u00e9lyesen, vagy e-mailben az <strong><a href=\"mailto:aikibujutsu@freemail.hu\" shape=\"rect\" target=\"\">aikibujutsu@freemail.hu<\/a><\/strong> c\u00edmen.<br \/>\nJelentkez\u00e9si \u00e9s befizet\u00e9si <strong>hat\u00e1rid\u0151 december 15<\/strong>-e (h\u00e9tf\u0151) este 23:59. <\/p>\n<p>Az esem\u00e9ny\u00a0<strong>10 f\u0151 minim\u00e1lis jelentkez\u00e9se<\/strong>\u00a0eset\u00e9n ker\u00fcl megrendez\u00e9sre! <\/p>\n<p>\n<font size=\"1\">A kempo tr\u00e9ningekre\u00a0Lajos Roland szenszejt h\u00edvtuk meg, az aiki\u00a0edz\u00e9seket Sziklai Ferenc tartja.<\/font><\/p>\n","protected":false},"excerpt":{"rendered":"<p>KLUBKAR\u00c1CSONY AVAGY \u00c9VADZ\u00c1R\u00d3\u00a0EDZ\u00c9SNAPOK A HONV\u00c9DBAN December 19-20-21 (p\u00e9ntek-szombat-vas\u00e1rnap) maratoni kar\u00e1csonyi edz\u00e9snapok lesznek a Honv\u00e9dban a klub sz\u00e1m\u00e1ra. A klub tagjait, de term\u00e9szetesen a szervezethez tartoz\u00f3 b\u00e1rmely m\u00e1s tagot is\u00a0szeretettel\u00a0v\u00e1runk\u00a0(aiki, shinkendo, [&hellip;]<\/p>\n","protected":false},"author":4,"featured_media":0,"comment_status":"open","ping_status":"open","sticky":false,"template":"","format":"standard","meta":{"_mi_skip_tracking":false},"categories":[5],"tags":[],"_links":{"self":[{"href":"https:\/\/www.aikibujutsu.hu\/index.php?rest_route=\/wp\/v2\/posts\/149"}],"collection":[{"href":"https:\/\/www.aikibujutsu.hu\/index.php?rest_route=\/wp\/v2\/posts"}],"about":[{"href":"https:\/\/www.aikibujutsu.hu\/index.php?rest_route=\/wp\/v2\/types\/post"}],"author":[{"embeddable":true,"href":"https:\/\/www.aikibujutsu.hu\/index.php?rest_route=\/wp\/v2\/users\/4"}],"replies":[{"embeddable":true,"href":"https:\/\/www.aikibujutsu.hu\/index.php?rest_route=%2Fwp%2Fv2%2Fcomments&post=149"}],"version-history":[{"count":0,"href":"https:\/\/www.aikibujutsu.hu\/index.php?rest_route=\/wp\/v2\/posts\/149\/revisions"}],"wp:attachment":[{"href":"https:\/\/www.aikibujutsu.hu\/index.php?rest_route=%2Fwp%2Fv2%2Fmedia&parent=149"}],"wp:term":[{"taxonomy":"category","embeddable":true,"href":"https:\/\/www.aikibujutsu.hu\/index.php?rest_route=%2Fwp%2Fv2%2Fcategories&post=149"},{"taxonomy":"post_tag","embeddable":true,"href":"https:\/\/www.aikibujutsu.hu\/index.php?rest_route=%2Fwp%2Fv2%2Ftags&post=149"}],"curies":[{"name":"wp","href":"https:\/\/api.w.org\/{rel}","templated":true}]}}