{"id":1479,"date":"2014-07-07T11:58:22","date_gmt":"2014-07-07T09:58:22","guid":{"rendered":"http:\/\/www.aikibujutsu.hu\/?p=1479"},"modified":"2015-03-02T09:06:20","modified_gmt":"2015-03-02T09:06:20","slug":"xiii-nemzetkozi-shinkendo-es-aikibujutsu-szeminarium-obata-toshishiro-kaiso-vezetesevel","status":"publish","type":"post","link":"https:\/\/www.aikibujutsu.hu\/?p=1479","title":{"rendered":"XIII. Nemzetk\u00f6zi Shinkendo \u00e9s Aikibujutsu szemin\u00e1rium Obata Toshishiro Kaiso vezet\u00e9s\u00e9vel"},"content":{"rendered":"<p style=\"text-align: justify;\"><strong>Id\u0151pont:<\/strong><\/p>\n<p style=\"text-align: justify;\"><strong> 2014. j\u00falius 10-13.<\/strong><\/p>\n<p><strong>Helysz\u00edn: <\/strong><\/p>\n<p><strong>F\u00f3t, F\u00e1y Andr\u00e1s \u00c1ltal\u00e1nos Iskola, H-2151 V\u00e1s\u00e1r t\u00e9r 1.<\/strong><br \/>\nL\u00e1sd lejjebb a t\u00e9rk\u00e9pet!<\/p>\n<p><strong>GPS<\/strong> koordin\u00e1t\u00e1k: (<strong>\u00c9<\/strong>szaki sz\u00e9less\u00e9g <strong>47.61171553428278<\/strong> fok, <strong>K<\/strong>eleti hossz\u00fas\u00e1g <strong>19.205135970916785<\/strong> fok)<\/p>\n<p><strong>Tulajdonk\u00e9ppen nem a t\u00e9rr\u0151l ny\u00edlik, hanem a Ferenczy I. utc\u00e1r\u00f3l<\/strong>. Kb. 1 km-re van a vas\u00fat\u00e1llom\u00e1st\u00f3l.<br \/>\n<iframe loading=\"lazy\" src=\"https:\/\/maps.google.hu\/maps\/ms?msa=0&amp;msid=210691113442808703687.0004da63b1cbfc1b152cb&amp;hl=hu&amp;ie=UTF8&amp;t=m&amp;ll=47.612036,19.200068&amp;spn=0.013887,0.027466&amp;z=15&amp;output=embed\" height=\"480\" width=\"640\" frameborder=\"0\" marginwidth=\"0\" marginheight=\"0\" scrolling=\"no\"><\/iframe><br \/>\n<small><a style=\"color: #0000ff; text-align: left;\" href=\"https:\/\/maps.google.hu\/maps\/ms?msa=0&amp;msid=210691113442808703687.0004da63b1cbfc1b152cb&amp;hl=hu&amp;ie=UTF8&amp;t=m&amp;ll=47.612036,19.200068&amp;spn=0.013887,0.027466&amp;z=15&amp;source=embed\">Obata szemin\u00e1rium F\u00f3t<\/a> nagyobb t\u00e9rk\u00e9pen val\u00f3 megjelen\u00edt\u00e9se<\/small><\/p>\n<p>&nbsp;<\/p>\n<p>&nbsp;<\/p>\n<p>&nbsp;<\/p>\n<p><strong>A PROGRAM:<\/strong><br \/>\n<strong>07\/10 Cs\u00fct\u00f6rt\u00f6k<\/strong><\/p>\n<p><strong>09.00-11.00 Aikibujutsu<\/strong><\/p>\n<p>11.15-13.15 Shinkendo<\/p>\n<p>16.00-17.30 Shinkendo<\/p>\n<p>17.30-18.30 Shinkendo instruktori(Goho \u00e9s afelett, illetve megh\u00edvottak)<\/p>\n<p><strong>07\/11 P\u00e9ntek<\/strong><\/p>\n<p><strong>09.00-11.00 Aikibujutsu<\/strong><\/p>\n<p>11.15-13.15 Shinkendo<\/p>\n<p>16.00-17.30 Shinkendo<\/p>\n<p>17.30-18.30 Shinkendo instruktori(Goho \u00e9s afelett, illetve megh\u00edvottak)<\/p>\n<p><strong>07\/12 Szombat<\/strong><\/p>\n<p><strong>09.00-11.00 Aikibujutsu<\/strong><\/p>\n<p>11.15-13.15 Shinkendo<\/p>\n<p>16.00-17.30 Shinkendo<\/p>\n<p>17.30-18.30 Shinkendo instruktori(Goho \u00e9s afelett, illetve megh\u00edvottak)<\/p>\n<p><strong>07\/13 Vas\u00e1rnap<\/strong><\/p>\n<p><strong>09.00-12.00 Aikibujutsu<\/strong><\/p>\n<p>14.30-16.30 Shinkendo<\/p>\n<p>16.30-17.30 Shinkendo instruktori(Goho \u00e9s afelett, illetve megh\u00edvottak)<\/p>\n<p>&nbsp;<\/p>\n","protected":false},"excerpt":{"rendered":"<p>Id\u0151pont: 2014. j\u00falius 10-13. Helysz\u00edn: F\u00f3t, F\u00e1y Andr\u00e1s \u00c1ltal\u00e1nos Iskola, H-2151 V\u00e1s\u00e1r t\u00e9r 1. L\u00e1sd lejjebb a t\u00e9rk\u00e9pet! GPS koordin\u00e1t\u00e1k: (\u00c9szaki sz\u00e9less\u00e9g 47.61171553428278 fok, Keleti hossz\u00fas\u00e1g 19.205135970916785 fok) Tulajdonk\u00e9ppen nem [&hellip;]<\/p>\n","protected":false},"author":4,"featured_media":1851,"comment_status":"closed","ping_status":"open","sticky":false,"template":"","format":"standard","meta":{"_mi_skip_tracking":false},"categories":[3,4,6],"tags":[8,9,17,25,30,32],"_links":{"self":[{"href":"https:\/\/www.aikibujutsu.hu\/index.php?rest_route=\/wp\/v2\/posts\/1479"}],"collection":[{"href":"https:\/\/www.aikibujutsu.hu\/index.php?rest_route=\/wp\/v2\/posts"}],"about":[{"href":"https:\/\/www.aikibujutsu.hu\/index.php?rest_route=\/wp\/v2\/types\/post"}],"author":[{"embeddable":true,"href":"https:\/\/www.aikibujutsu.hu\/index.php?rest_route=\/wp\/v2\/users\/4"}],"replies":[{"embeddable":true,"href":"https:\/\/www.aikibujutsu.hu\/index.php?rest_route=%2Fwp%2Fv2%2Fcomments&post=1479"}],"version-history":[{"count":1,"href":"https:\/\/www.aikibujutsu.hu\/index.php?rest_route=\/wp\/v2\/posts\/1479\/revisions"}],"predecessor-version":[{"id":1852,"href":"https:\/\/www.aikibujutsu.hu\/index.php?rest_route=\/wp\/v2\/posts\/1479\/revisions\/1852"}],"wp:featuredmedia":[{"embeddable":true,"href":"https:\/\/www.aikibujutsu.hu\/index.php?rest_route=\/wp\/v2\/media\/1851"}],"wp:attachment":[{"href":"https:\/\/www.aikibujutsu.hu\/index.php?rest_route=%2Fwp%2Fv2%2Fmedia&parent=1479"}],"wp:term":[{"taxonomy":"category","embeddable":true,"href":"https:\/\/www.aikibujutsu.hu\/index.php?rest_route=%2Fwp%2Fv2%2Fcategories&post=1479"},{"taxonomy":"post_tag","embeddable":true,"href":"https:\/\/www.aikibujutsu.hu\/index.php?rest_route=%2Fwp%2Fv2%2Ftags&post=1479"}],"curies":[{"name":"wp","href":"https:\/\/api.w.org\/{rel}","templated":true}]}}