{"id":141,"date":"2008-09-15T15:39:54","date_gmt":"2008-09-15T13:39:54","guid":{"rendered":"http:\/\/3391892"},"modified":"2008-09-15T15:39:54","modified_gmt":"2008-09-15T13:39:54","slug":"oszi-egynapos-shinkendo-edzotabor-es-vizsga","status":"publish","type":"post","link":"https:\/\/www.aikibujutsu.hu\/?p=141","title":{"rendered":"\u0150SZI EGYNAPOS SHINKENDO EDZ\u0150T\u00c1BOR \u00c9S VIZSGA"},"content":{"rendered":"<p>\n<strong>\u0150SZI EGYNAPOS SHINKENDO EDZ\u0150T\u00c1BOR \u00c9S VIZSGA<\/strong>\n<\/p>\n<p>\nAz <strong>okt\u00f3ber 25-\u00e9n<\/strong> lesz egy &quot;\u00f6ssz-magyar&quot; <strong>shinkendo szemin\u00e1rium<\/strong>, szombati napon <strong>Veresegyh\u00e1zon<\/strong> (ahol az Obata szemin\u00e1rium is szokott lenni &#8211; Fabriczius J\u00f3zsef \u00c1ltal\u00e1nos Iskola). A szemin\u00e1riumra el\u0151zetesen kell majd <strong>jelentkezni \u00e9s annak d\u00edj\u00e1t is el\u0151re kell<\/strong> majd t\u00e9r\u00edteni <strong>okt\u00f3ber 15-ig<\/strong>. <strong>Erre, helyben \u00e9s ut\u00f3lag nem lesz lehet\u0151s\u00e9g!!!<\/strong> Ugyanekkor <strong>vizsga<\/strong>, \u00e9s k\u00fcl\u00f6n <strong>instruktori edz\u00e9s<\/strong> is lesz. K\u00e9rek mindenkit, \u00e9s f\u0151leg az instruktorokat, hogy a szervez\u00e9st \u00e9s adminisztr\u00e1ci\u00f3t id\u0151ben kezdj\u00e9tek meg. <strong>K\u00f6lts\u00e9gek: 3.000.- Ft + vizsgad\u00edj<\/strong> (eb\u00e9dlehet\u0151s\u00e9get is szervez\u00fcnk, v\u00e1rhat\u00f3an 2.500.- Ft k\u00f6r\u00fcli \u00f6sszeg lesz, mely egy tartalmas t\u00e1rkonyos vadragu levesb\u0151l, illetve r\u00e1ntott csirkemell, rizs, sal\u00e1t\u00e1b\u00f3l fog \u00e1llni, garant\u00e1ltan b\u0151s\u00e9ges sportol\u00f3 adag &#8211; szint\u00e9n el\u0151re fizet\u0151s. Ital \u00e9s egy\u00e9b extr\u00e1k, az \u00e9tlap szerint, \u00f6nk\u00f6lts\u00e9ges). Az eb\u00e9d pontos \u00e1ra n\u00e9h\u00e1ny napon bel\u00fcl felker\u00fcl a blogra.\n<\/p>\n<p>\n<strong>Az edz\u00e9sek pontos id\u0151pontja: <\/strong>\n<\/p>\n<p>\n<strong>10.00-12.00 shinkendo <\/strong>\n<\/p>\n<p>\n<strong>12.00-15.00 eb\u00e9d \u00e9s k\u00e1v\u00e9sz\u00fcnet <\/strong>\n<\/p>\n<p>\n<strong>15.00-17.00 shinkendo, vizsga \u00e9s vizsg\u00e1z\u00f3k \u00e9rt\u00e9kel\u00e9se <\/strong>\n<\/p>\n<p>\n<strong>17.00-18.00 shinkendo instruktori<\/strong>\n<\/p>\n<p>\n20.00 &#8211; vacsora \u00e9s s\u00f6r party Budapesten, fakultat\u00edv, majd kital\u00e1ljuk, hol \u00e9s hogyan\n<\/p>\n<p>\n&nbsp;\n<\/p>\n<p>\nMivel Lajos Roland szenszej az eg\u00e9sz szemin\u00e1rium alatt fogja a vizsg\u00e1z\u00f3kat zaklatni, ez\u00e9rt a &quot;csak vizsg\u00e1zni j\u00f6nn\u00e9k&quot; verzi\u00f3ra nincs lehet\u0151s\u00e9g!\u00a0A jelentkez\u00e9st a saj\u00e1t edz\u0151j\u00e9n\u00e9l adja le mindenki!! Ez a h\u00e9tv\u00e9ge, \u00fan. &quot;n\u00e9gynapos \u00fcnnep&quot; okt\u00f3ber 23-a miatt, ezt senki ne felejtse el belekalkul\u00e1lni a programj\u00e1ba&#8230;\n<\/p>\n<p>\nAz edz\u0151t\u00e1bor 15 f\u0151 alatti jelentkez\u00e9s eset\u00e9n nem ker\u00fcl megrendez\u00e9sre!!!<\/p>\n","protected":false},"excerpt":{"rendered":"<p>\u0150SZI EGYNAPOS SHINKENDO EDZ\u0150T\u00c1BOR \u00c9S VIZSGA Az okt\u00f3ber 25-\u00e9n lesz egy &quot;\u00f6ssz-magyar&quot; shinkendo szemin\u00e1rium, szombati napon Veresegyh\u00e1zon (ahol az Obata szemin\u00e1rium is szokott lenni &#8211; Fabriczius J\u00f3zsef \u00c1ltal\u00e1nos Iskola). A [&hellip;]<\/p>\n","protected":false},"author":4,"featured_media":0,"comment_status":"open","ping_status":"open","sticky":false,"template":"","format":"standard","meta":{"_mi_skip_tracking":false},"categories":[5],"tags":[],"_links":{"self":[{"href":"https:\/\/www.aikibujutsu.hu\/index.php?rest_route=\/wp\/v2\/posts\/141"}],"collection":[{"href":"https:\/\/www.aikibujutsu.hu\/index.php?rest_route=\/wp\/v2\/posts"}],"about":[{"href":"https:\/\/www.aikibujutsu.hu\/index.php?rest_route=\/wp\/v2\/types\/post"}],"author":[{"embeddable":true,"href":"https:\/\/www.aikibujutsu.hu\/index.php?rest_route=\/wp\/v2\/users\/4"}],"replies":[{"embeddable":true,"href":"https:\/\/www.aikibujutsu.hu\/index.php?rest_route=%2Fwp%2Fv2%2Fcomments&post=141"}],"version-history":[{"count":0,"href":"https:\/\/www.aikibujutsu.hu\/index.php?rest_route=\/wp\/v2\/posts\/141\/revisions"}],"wp:attachment":[{"href":"https:\/\/www.aikibujutsu.hu\/index.php?rest_route=%2Fwp%2Fv2%2Fmedia&parent=141"}],"wp:term":[{"taxonomy":"category","embeddable":true,"href":"https:\/\/www.aikibujutsu.hu\/index.php?rest_route=%2Fwp%2Fv2%2Fcategories&post=141"},{"taxonomy":"post_tag","embeddable":true,"href":"https:\/\/www.aikibujutsu.hu\/index.php?rest_route=%2Fwp%2Fv2%2Ftags&post=141"}],"curies":[{"name":"wp","href":"https:\/\/api.w.org\/{rel}","templated":true}]}}