{"id":139,"date":"2008-08-28T22:26:33","date_gmt":"2008-08-28T20:26:33","guid":{"rendered":"http:\/\/3355309"},"modified":"2008-08-28T22:26:33","modified_gmt":"2008-08-28T20:26:33","slug":"edesek-szeptembertol","status":"publish","type":"post","link":"https:\/\/www.aikibujutsu.hu\/?p=139","title":{"rendered":"Ed\u00e9sek szeptembert\u0151l"},"content":{"rendered":"<p>\n<strong>EDZ\u00c9SEK SZEPTEMBERT\u0150L<\/strong><\/p>\n<p>Rem\u00e9lem mindenkinek kellemesen, \u00e9s hasznosan telt el a ny\u00e1r. \u00cdgy \u00fajult er\u0151vel, \u00e9s teljes energiabebob\u00e1ssal indulhattok \u00fajra a dojoba, mivel lassan el\u00e9rkezik a 2008\/2009-as esztend\u0151 edz\u00e9sid\u0151szak\u00e1nak a kezdete. <\/p>\n<p>A tr\u00e9ningek a megszokott id\u0151ben \u00e9s helyen lesznek. <\/p>\n<p>Szeptember 1. h\u00e9tf\u0151vel indul \u00fajra a szezon a Butokuganban, az anyagiak rendez\u00e9s\u00e9vel \u00e9s szept. 15-ig\u00a0egy\u00e9b k\u00e9rd\u00e9ssel forduljatok N\u00e9meth Tiborhoz, tel: 0630-5445143\u00a0 <\/p>\n<p>2008 szeptember 2-\u00e1n, kedden a szokott id\u0151ben indul az \u00faj szemeszter,\u00a0 19 \u00f3rakkor a Honv\u00e9d K\u00fczd\u0151sport Centrumban is. Az edz\u00e9sd\u00edjakat rendezz\u00e9tek szept. 11-ig Gr\u00e9ger Ferenc sensei-el, valamint egy\u00e9b k\u00e9rd\u00e9ssel is forduljatok hozz\u00e1. <\/p>\n<p>Rem\u00e9lhet\u0151leg minden eddig tanultak csak jobban le\u00fcllepedtek a fejetekben, \u00e9s elm\u00e9lly\u00fcltebb lett a tud\u00e1sotok. Mindenkit szeretettel v\u00e1runk!<\/p>\n<p>Ez\u00faton is szeretn\u00e9nk egyik t\u00e1rsunknak j\u00f3k\u00edv\u00e1ns\u00e1gainkat k\u00fcldeni, \u00e9s miel\u0151bbi fel\u00e9p\u00fcl\u00e9s\u00e9t l\u00e1tni. Melyhez lehet\u0151s\u00e9geinkhez k\u00e9pest minden seg\u00edts\u00e9get meg fogunk adni. Valamint csal\u00e1dj\u00e1nak sok er\u0151t \u00e9s kitart\u00e1st!<\/p>\n<p>Amennyiben sz\u00fcks\u00e9ges az al\u00e1bbi\u00a0c\u00edmen el\u00e9rhettek minket: \n<\/p>\n<p>\nSkype -&gt; kampoc<\/p>\n","protected":false},"excerpt":{"rendered":"<p>EDZ\u00c9SEK SZEPTEMBERT\u0150L Rem\u00e9lem mindenkinek kellemesen, \u00e9s hasznosan telt el a ny\u00e1r. \u00cdgy \u00fajult er\u0151vel, \u00e9s teljes energiabebob\u00e1ssal indulhattok \u00fajra a dojoba, mivel lassan el\u00e9rkezik a 2008\/2009-as esztend\u0151 edz\u00e9sid\u0151szak\u00e1nak a kezdete. [&hellip;]<\/p>\n","protected":false},"author":4,"featured_media":0,"comment_status":"open","ping_status":"open","sticky":false,"template":"","format":"standard","meta":{"_mi_skip_tracking":false},"categories":[5],"tags":[],"_links":{"self":[{"href":"https:\/\/www.aikibujutsu.hu\/index.php?rest_route=\/wp\/v2\/posts\/139"}],"collection":[{"href":"https:\/\/www.aikibujutsu.hu\/index.php?rest_route=\/wp\/v2\/posts"}],"about":[{"href":"https:\/\/www.aikibujutsu.hu\/index.php?rest_route=\/wp\/v2\/types\/post"}],"author":[{"embeddable":true,"href":"https:\/\/www.aikibujutsu.hu\/index.php?rest_route=\/wp\/v2\/users\/4"}],"replies":[{"embeddable":true,"href":"https:\/\/www.aikibujutsu.hu\/index.php?rest_route=%2Fwp%2Fv2%2Fcomments&post=139"}],"version-history":[{"count":0,"href":"https:\/\/www.aikibujutsu.hu\/index.php?rest_route=\/wp\/v2\/posts\/139\/revisions"}],"wp:attachment":[{"href":"https:\/\/www.aikibujutsu.hu\/index.php?rest_route=%2Fwp%2Fv2%2Fmedia&parent=139"}],"wp:term":[{"taxonomy":"category","embeddable":true,"href":"https:\/\/www.aikibujutsu.hu\/index.php?rest_route=%2Fwp%2Fv2%2Fcategories&post=139"},{"taxonomy":"post_tag","embeddable":true,"href":"https:\/\/www.aikibujutsu.hu\/index.php?rest_route=%2Fwp%2Fv2%2Ftags&post=139"}],"curies":[{"name":"wp","href":"https:\/\/api.w.org\/{rel}","templated":true}]}}