{"id":137,"date":"2008-08-27T07:26:29","date_gmt":"2008-08-27T05:26:29","guid":{"rendered":"http:\/\/3350662"},"modified":"2008-08-27T07:26:29","modified_gmt":"2008-08-27T05:26:29","slug":"a-szezon-elso-edzese","status":"publish","type":"post","link":"https:\/\/www.aikibujutsu.hu\/?p=137","title":{"rendered":"A szezon els\u0151 edz\u00e9se"},"content":{"rendered":"<p>\nSziasztok!\n<\/p>\n<p>\n&nbsp;\n<\/p>\n<p>\nLos Angelesb\u0151l \u00edrok nektek. Minden rendben megy a Honbu dojoban, tartalmasak \u00e9s tanuls\u00e1gosak az edz\u00e9sek.\n<\/p>\n<p>\nSzeptember 1. h\u00e9tf\u0151vel indul \u00fajra a szezon a Butokuganban, az anyagiak rendez\u00e9s\u00e9vel \u00e9s szept. 15-ig\u00a0egy\u00e9bb k\u00e9rd\u00e9ssel forduljatok N\u00e9meth Tiborhoz, tel: 0630-5445143\n<\/p>\n<p>\nMindenkinek j\u00f3 edz\u00e9st k\u00edv\u00e1nok,\n<\/p>\n<p>\nP\u00e9ter<\/p>\n","protected":false},"excerpt":{"rendered":"<p>Sziasztok! &nbsp; Los Angelesb\u0151l \u00edrok nektek. Minden rendben megy a Honbu dojoban, tartalmasak \u00e9s tanuls\u00e1gosak az edz\u00e9sek. Szeptember 1. h\u00e9tf\u0151vel indul \u00fajra a szezon a Butokuganban, az anyagiak rendez\u00e9s\u00e9vel \u00e9s [&hellip;]<\/p>\n","protected":false},"author":4,"featured_media":0,"comment_status":"open","ping_status":"open","sticky":false,"template":"","format":"standard","meta":{"_mi_skip_tracking":false},"categories":[5],"tags":[],"_links":{"self":[{"href":"https:\/\/www.aikibujutsu.hu\/index.php?rest_route=\/wp\/v2\/posts\/137"}],"collection":[{"href":"https:\/\/www.aikibujutsu.hu\/index.php?rest_route=\/wp\/v2\/posts"}],"about":[{"href":"https:\/\/www.aikibujutsu.hu\/index.php?rest_route=\/wp\/v2\/types\/post"}],"author":[{"embeddable":true,"href":"https:\/\/www.aikibujutsu.hu\/index.php?rest_route=\/wp\/v2\/users\/4"}],"replies":[{"embeddable":true,"href":"https:\/\/www.aikibujutsu.hu\/index.php?rest_route=%2Fwp%2Fv2%2Fcomments&post=137"}],"version-history":[{"count":0,"href":"https:\/\/www.aikibujutsu.hu\/index.php?rest_route=\/wp\/v2\/posts\/137\/revisions"}],"wp:attachment":[{"href":"https:\/\/www.aikibujutsu.hu\/index.php?rest_route=%2Fwp%2Fv2%2Fmedia&parent=137"}],"wp:term":[{"taxonomy":"category","embeddable":true,"href":"https:\/\/www.aikibujutsu.hu\/index.php?rest_route=%2Fwp%2Fv2%2Fcategories&post=137"},{"taxonomy":"post_tag","embeddable":true,"href":"https:\/\/www.aikibujutsu.hu\/index.php?rest_route=%2Fwp%2Fv2%2Ftags&post=137"}],"curies":[{"name":"wp","href":"https:\/\/api.w.org\/{rel}","templated":true}]}}