{"id":133,"date":"2008-07-15T11:41:13","date_gmt":"2008-07-15T09:41:13","guid":{"rendered":"http:\/\/3263259"},"modified":"2008-07-15T11:41:13","modified_gmt":"2008-07-15T09:41:13","slug":"lezarult-a-szeminarium-az-edzesek-mennek-tovabb","status":"publish","type":"post","link":"https:\/\/www.aikibujutsu.hu\/?p=133","title":{"rendered":"LEZ\u00c1RULT A SZEMIN\u00c1RIUM, AZ EDZ\u00c9SEK MENNEK TOV\u00c1BB"},"content":{"rendered":"<p><strong>LEZ\u00c1RULT A SZEMIN\u00c1RIUM, AZ EDZ\u00c9SEK MENNEK TOV\u00c1BB<\/strong><\/p>\n<p>Obata sensei el\u00e9gedett volt a magyar tan\u00edtv\u00e1nyokkal, \u00e9s nagyon j\u00f3l \u00e9rezte mag\u00e1t Magyarorsz\u00e1gon. Biztos \u00e9szre vett\u00e9tek, hogy most nagys\u00e1grendekkel kevesebbett\u00a0emelte fel a hangj\u00e1t\u00a0az edz\u00e9seken, sokat viccel\u0151d\u00f6tt, nagyr\u00e9szt vid\u00e1m volt \u00e9s j\u00f3kedv\u0171.<\/p>\n<p>Aki r\u00e9szt vett az edz\u0151t\u00e1boron, azt tudja milyen j\u00f3 volt, aki nem annak pedig elmes\u00e9lik azok akik igen. Mindenkinek k\u00f6sz\u00f6net a seg\u00edts\u00e9g\u00e9rt amit ny\u00fajtottak, mind a helysz\u00ednen, mind a szervez\u00e9sben, hogy g\u00f6rd\u00fcl\u00e9kenyen \u00e9s probl\u00e9mamentesen folyhasson a szemin\u00e1rium. <\/p>\n<p>Aiki edz\u00e9sek tov\u00e1bbra is tartanak a Honv\u00e9dban \u00f6sszevont csoportban, eg\u00e9szen az utols\u00f3 cs\u00fct\u00f6rt\u00f6kig, j\u00falius 31-ig. Ezen a h\u00e9ten m\u00e9g sz\u00e1m\u00edthatunk Koneta G\u00e1bor sensei (Honbu Dojo instruktor) megjelen\u00e9s\u00e9re is, mivel csak 20-\u00e1n utazik vissza Los Angelesbe. <\/p>\n<p>Az els\u0151 edz\u00e9sek \u0151sszel szeptember 2-\u00e1n kezd\u0151dnek. Ez egy keddi nap, este 19 \u00f3rakkor a megszokott id\u0151ben. <\/p>\n<p>Aki m\u00e1r nem j\u00f6n ny\u00e1ron edzeni, annak j\u00f3 id\u0151t\u00f6lt\u00e9st \u00e9s pihen\u00e9st! Gondolj\u00e1tok \u00e1t az ismert \u00e9s \u00faj technik\u00e1kat, hogy szeptemberben \u00fajult er\u0151vel indulhassatok tov\u00e1bb a megkezdett \u00faton.<\/p>\n","protected":false},"excerpt":{"rendered":"<p>LEZ\u00c1RULT A SZEMIN\u00c1RIUM, AZ EDZ\u00c9SEK MENNEK TOV\u00c1BB Obata sensei el\u00e9gedett volt a magyar tan\u00edtv\u00e1nyokkal, \u00e9s nagyon j\u00f3l \u00e9rezte mag\u00e1t Magyarorsz\u00e1gon. Biztos \u00e9szre vett\u00e9tek, hogy most nagys\u00e1grendekkel kevesebbett\u00a0emelte fel a hangj\u00e1t\u00a0az [&hellip;]<\/p>\n","protected":false},"author":4,"featured_media":0,"comment_status":"open","ping_status":"open","sticky":false,"template":"","format":"standard","meta":{"_mi_skip_tracking":false},"categories":[5],"tags":[],"_links":{"self":[{"href":"https:\/\/www.aikibujutsu.hu\/index.php?rest_route=\/wp\/v2\/posts\/133"}],"collection":[{"href":"https:\/\/www.aikibujutsu.hu\/index.php?rest_route=\/wp\/v2\/posts"}],"about":[{"href":"https:\/\/www.aikibujutsu.hu\/index.php?rest_route=\/wp\/v2\/types\/post"}],"author":[{"embeddable":true,"href":"https:\/\/www.aikibujutsu.hu\/index.php?rest_route=\/wp\/v2\/users\/4"}],"replies":[{"embeddable":true,"href":"https:\/\/www.aikibujutsu.hu\/index.php?rest_route=%2Fwp%2Fv2%2Fcomments&post=133"}],"version-history":[{"count":0,"href":"https:\/\/www.aikibujutsu.hu\/index.php?rest_route=\/wp\/v2\/posts\/133\/revisions"}],"wp:attachment":[{"href":"https:\/\/www.aikibujutsu.hu\/index.php?rest_route=%2Fwp%2Fv2%2Fmedia&parent=133"}],"wp:term":[{"taxonomy":"category","embeddable":true,"href":"https:\/\/www.aikibujutsu.hu\/index.php?rest_route=%2Fwp%2Fv2%2Fcategories&post=133"},{"taxonomy":"post_tag","embeddable":true,"href":"https:\/\/www.aikibujutsu.hu\/index.php?rest_route=%2Fwp%2Fv2%2Ftags&post=133"}],"curies":[{"name":"wp","href":"https:\/\/api.w.org\/{rel}","templated":true}]}}