{"id":1132,"date":"2012-06-02T13:20:47","date_gmt":"2012-06-02T11:20:47","guid":{"rendered":"http:\/\/www.aikibujutsu.hu\/?p=1132"},"modified":"2015-03-02T09:21:48","modified_gmt":"2015-03-02T09:21:48","slug":"mtv1-reggel-2012-junius-3-755","status":"publish","type":"post","link":"https:\/\/www.aikibujutsu.hu\/?p=1132","title":{"rendered":"FRISS\u00cdTVE &#8211; MTV1 Reggel, 2012. j\u00fanius 3. 6:55"},"content":{"rendered":"<p>2012. j\u00fanius 3-\u00e1n, vas\u00e1rnap az MTV1 m\u0171sora nagyr\u00e9szt a jap\u00e1n kult\u00far\u00e1val  foglalkozik. T\u00f6bbek k\u00f6z\u00f6tt egy r\u00f6vid, bezs\u00e9lget\u00e9ssel egybek\u00f6t\u00f6tt  Shinkendo bemutat\u00f3 is lesz benne. Aki kor\u00e1n kel, megn\u00e9zheti \u00e9l\u0151ben  reggel 7-9-ig. Mi k\u00f6r\u00fclbel\u00fcl 7.30 \u00e9s 8.30 k\u00f6z\u00f6tt lesz\u00fcnk ad\u00e1sban. Ha  lek\u00e9sel r\u00f3la, ut\u00f3lag az MTV <a title=\"MTV1 Ma reggel m\u0171sort\u00e1r\" href=\"http:\/\/premier.mtv.hu\/Rovatok\/Mareggel_hetvege.aspx#\" target=\"_blank\">vide\u00f3t\u00e1rb\u00f3l<\/a> el\u00e9rhet\u0151 lesz a m\u0171sor.<\/p>\n<p>Friss\u00edt\u00e9s: A produkci\u00f3 el\u00e9rhet\u0151 a <a title=\"Shinkendo Ma Reggel\" href=\"http:\/\/youtu.be\/6C1eCLDTTpo\" target=\"_blank\">youtube-on<\/a> is.<\/p>\n","protected":false},"excerpt":{"rendered":"<p>2012. j\u00fanius 3-\u00e1n, vas\u00e1rnap az MTV1 m\u0171sora nagyr\u00e9szt a jap\u00e1n kult\u00far\u00e1val foglalkozik. T\u00f6bbek k\u00f6z\u00f6tt egy r\u00f6vid, bezs\u00e9lget\u00e9ssel egybek\u00f6t\u00f6tt Shinkendo bemutat\u00f3 is lesz benne. Aki kor\u00e1n kel, megn\u00e9zheti \u00e9l\u0151ben reggel 7-9-ig. [&hellip;]<\/p>\n","protected":false},"author":4,"featured_media":1874,"comment_status":"closed","ping_status":"open","sticky":false,"template":"","format":"standard","meta":{"_mi_skip_tracking":false},"categories":[4],"tags":[],"_links":{"self":[{"href":"https:\/\/www.aikibujutsu.hu\/index.php?rest_route=\/wp\/v2\/posts\/1132"}],"collection":[{"href":"https:\/\/www.aikibujutsu.hu\/index.php?rest_route=\/wp\/v2\/posts"}],"about":[{"href":"https:\/\/www.aikibujutsu.hu\/index.php?rest_route=\/wp\/v2\/types\/post"}],"author":[{"embeddable":true,"href":"https:\/\/www.aikibujutsu.hu\/index.php?rest_route=\/wp\/v2\/users\/4"}],"replies":[{"embeddable":true,"href":"https:\/\/www.aikibujutsu.hu\/index.php?rest_route=%2Fwp%2Fv2%2Fcomments&post=1132"}],"version-history":[{"count":1,"href":"https:\/\/www.aikibujutsu.hu\/index.php?rest_route=\/wp\/v2\/posts\/1132\/revisions"}],"predecessor-version":[{"id":1875,"href":"https:\/\/www.aikibujutsu.hu\/index.php?rest_route=\/wp\/v2\/posts\/1132\/revisions\/1875"}],"wp:featuredmedia":[{"embeddable":true,"href":"https:\/\/www.aikibujutsu.hu\/index.php?rest_route=\/wp\/v2\/media\/1874"}],"wp:attachment":[{"href":"https:\/\/www.aikibujutsu.hu\/index.php?rest_route=%2Fwp%2Fv2%2Fmedia&parent=1132"}],"wp:term":[{"taxonomy":"category","embeddable":true,"href":"https:\/\/www.aikibujutsu.hu\/index.php?rest_route=%2Fwp%2Fv2%2Fcategories&post=1132"},{"taxonomy":"post_tag","embeddable":true,"href":"https:\/\/www.aikibujutsu.hu\/index.php?rest_route=%2Fwp%2Fv2%2Ftags&post=1132"}],"curies":[{"name":"wp","href":"https:\/\/api.w.org\/{rel}","templated":true}]}}