{"id":101,"date":"2008-01-21T10:36:28","date_gmt":"2008-01-21T08:36:28","guid":{"rendered":"http:\/\/2885406"},"modified":"2008-01-21T10:36:28","modified_gmt":"2008-01-21T08:36:28","slug":"kyudo-szeminarium","status":"publish","type":"post","link":"https:\/\/www.aikibujutsu.hu\/?p=101","title":{"rendered":"Kyudo szeminarium"},"content":{"rendered":"<p>\n<strong>KYUDO SZEMIN\u00c1RIUM<\/strong>\n<\/p>\n<p>\nKyudo (jap\u00e1n \u00edj\u00e1szat) szemin\u00e1rium lesz 2008. febru\u00e1r 12-14. k\u00f6z\u00f6tt (kedd-szerda-cs\u00fct\u00f6rt\u00f6k) a budapesti aTeremben (\u00dajpest), rangos anyaorsz\u00e1gbeli oktat\u00f3kkal. Kezd\u0151ket is sz\u00edvesen v\u00e1rnak.\n<\/p>\n<p>\nAz eredeti h\u00edr <a href=\"http:\/\/shinkendo.freeblog.hu\/archives\/2008\/01\/18\/2873970\/\" shape=\"rect\"><em><strong>itt<\/strong><\/em><\/a><em><strong><\/strong><\/em> tal\u00e1lhat\u00f3.<\/p>\n","protected":false},"excerpt":{"rendered":"<p>KYUDO SZEMIN\u00c1RIUM Kyudo (jap\u00e1n \u00edj\u00e1szat) szemin\u00e1rium lesz 2008. febru\u00e1r 12-14. k\u00f6z\u00f6tt (kedd-szerda-cs\u00fct\u00f6rt\u00f6k) a budapesti aTeremben (\u00dajpest), rangos anyaorsz\u00e1gbeli oktat\u00f3kkal. Kezd\u0151ket is sz\u00edvesen v\u00e1rnak. Az eredeti h\u00edr itt tal\u00e1lhat\u00f3.<\/p>\n","protected":false},"author":4,"featured_media":0,"comment_status":"open","ping_status":"open","sticky":false,"template":"","format":"standard","meta":{"_mi_skip_tracking":false},"categories":[5],"tags":[],"_links":{"self":[{"href":"https:\/\/www.aikibujutsu.hu\/index.php?rest_route=\/wp\/v2\/posts\/101"}],"collection":[{"href":"https:\/\/www.aikibujutsu.hu\/index.php?rest_route=\/wp\/v2\/posts"}],"about":[{"href":"https:\/\/www.aikibujutsu.hu\/index.php?rest_route=\/wp\/v2\/types\/post"}],"author":[{"embeddable":true,"href":"https:\/\/www.aikibujutsu.hu\/index.php?rest_route=\/wp\/v2\/users\/4"}],"replies":[{"embeddable":true,"href":"https:\/\/www.aikibujutsu.hu\/index.php?rest_route=%2Fwp%2Fv2%2Fcomments&post=101"}],"version-history":[{"count":0,"href":"https:\/\/www.aikibujutsu.hu\/index.php?rest_route=\/wp\/v2\/posts\/101\/revisions"}],"wp:attachment":[{"href":"https:\/\/www.aikibujutsu.hu\/index.php?rest_route=%2Fwp%2Fv2%2Fmedia&parent=101"}],"wp:term":[{"taxonomy":"category","embeddable":true,"href":"https:\/\/www.aikibujutsu.hu\/index.php?rest_route=%2Fwp%2Fv2%2Fcategories&post=101"},{"taxonomy":"post_tag","embeddable":true,"href":"https:\/\/www.aikibujutsu.hu\/index.php?rest_route=%2Fwp%2Fv2%2Ftags&post=101"}],"curies":[{"name":"wp","href":"https:\/\/api.w.org\/{rel}","templated":true}]}}